{"id":62,"date":"2010-01-08T17:19:42","date_gmt":"2010-01-08T17:19:42","guid":{"rendered":"http:\/\/www.klangrevolution.de\/?p=62"},"modified":"2015-09-29T08:49:25","modified_gmt":"2015-09-29T08:49:25","slug":"heute-ist-mein-tag-kati-sommers-single-debut","status":"publish","type":"post","link":"https:\/\/www.klangrevolution.de\/en\/musik\/heute-ist-mein-tag-kati-sommers-single-debut-62\/","title":{"rendered":"Heute ist mein Tag \u2013 Kati Sommers Single debut"},"content":{"rendered":"<p><a href=\"https:\/\/i0.wp.com\/www.klangrevolution.de\/wp-content\/uploads\/2010\/11\/kati-hoch-klein.jpeg\"><img data-recalc-dims=\"1\" loading=\"lazy\" decoding=\"async\" class=\"alignleft size-full wp-image-63\" title=\"kati-hoch-klein\" src=\"https:\/\/i0.wp.com\/www.klangrevolution.de\/wp-content\/uploads\/2010\/11\/kati-hoch-klein.jpeg?resize=60%2C98\" alt=\"\" width=\"60\" height=\"98\" \/><\/a>Hallo Kati,\u00a0ich freue mich, dass du die Zeit f\u00fcr ein Interview gefunden hast. Das erste Mal Live hatte ich dich im Schatzkistl in Mannheim bei der Silke Hauck Nacht gesehen und war direkt ein Fan von dir. Die Art, wie du dich auf der B\u00fchne bewegst und dazu singst ist einfach toll. Es mach Spa\u00df dir dabei zuzuschauen (und zu h\u00f6ren).<!--more--><\/p>\n<p><strong>kr: <\/strong>Seit diesem Auftritt ist ja nun auch schon einige Zeit vergangen und wir haben gesehen, dass du einen Plattenvertrag bekommen hast. Wie ist es dazu gekommen und wie hast du das geschafft?<\/p>\n<p><strong>Kati:<\/strong> Wir hatten in Worms einen Auftritt mit der Kati Sommer Band. Bei diesen Auftritt hat uns jemand gesehen, der Kontakte zu JayKay Records besitzt. Er war so angetan vom Konzert, dass er den Kontakt zur Plattenfirma hergestellt hat. Wir haben dann einen Termin in Halle\/Saale vereinbart und ein sehr langes und produktives Gespr\u00e4ch gef\u00fchrt. JayKay Records gefiel nicht nur unsere Songs, sondern auch das Konzept und unsere Arbeitsweise, ja und am Abend haben wir dann den Vertrag unterschrieben.<\/p>\n<p><a href=\"https:\/\/i0.wp.com\/www.klangrevolution.de\/wp-content\/uploads\/2010\/11\/Kati-Sommer-neu-bei-JAY-KAY.jpeg\"><img data-recalc-dims=\"1\" loading=\"lazy\" decoding=\"async\" class=\"aligncenter size-full wp-image-64\" title=\"Kati-Sommer-neu-bei-JAY-KAY\" src=\"https:\/\/i0.wp.com\/www.klangrevolution.de\/wp-content\/uploads\/2010\/11\/Kati-Sommer-neu-bei-JAY-KAY.jpeg?resize=300%2C225\" alt=\"\" width=\"300\" height=\"225\" \/><\/a><br \/>\n<strong>kr: <\/strong>Die Single beinhaltet die beiden Lieder &#8220;Graue Maus&#8221; und &#8220;Heute ist mein Tag&#8221;. Die Melodie klingt sehr frisch und der Text ist schnell im Ohr. Wie kam es zu den beiden St\u00fccken, wie hast du die geschrieben und komponiert?<\/p>\n<p><strong>Kati:<\/strong> Die \u201eGraue Maus\u201c ist sehr spontan entstanden. Nach einer Probe mit unserem Pianisten haben wir noch eine wenig gejamt, und wie soll ich es sagen, der Song war auf einmal da, er ist einfach aus uns \u201eherausgesprudelt\u201c.<br \/>\nBei \u201e Himalaya- Heute ist mein Tag\u201c schrieb ich die Musik mit Ralf Bopp. Wir waren gemeinsam im Studio und Ralf griff einige Harmonien auf seiner Gitarre, hierzu konnte ich auf Anhieb die Gesangsmelodie singen. Wir nahmen den Song sofort auf. Aus den Textfragmenten schrieb ich dann sp\u00e4ter den kompletten Text.<\/p>\n<p><a href=\"https:\/\/i0.wp.com\/www.klangrevolution.de\/wp-content\/uploads\/2010\/11\/Cover-Kati-Sommer.jpeg\"><img data-recalc-dims=\"1\" loading=\"lazy\" decoding=\"async\" class=\"aligncenter size-full wp-image-65\" title=\"Cover-Kati-Sommer\" src=\"https:\/\/i0.wp.com\/www.klangrevolution.de\/wp-content\/uploads\/2010\/11\/Cover-Kati-Sommer.jpeg?resize=300%2C275\" alt=\"\" width=\"300\" height=\"275\" \/><\/a><br \/>\n<strong>kr: <\/strong>So eine Musikkarierre kommt im Normalfall nicht \u00fcber Nacht, wie lange bist du schon dabei und wie hat es angefangen?<\/p>\n<p><strong>Kati<\/strong>: Den Anfang kann ich nicht genau sagen, da ich schon immer musiziere. Musik ist ein Teil von mir.<\/p>\n<p><strong>kr: <\/strong>Vor kurzem warst du zur Schlagergala, gemeinsam mit Bernhard Brink, vor einem relativ gro\u00dfen Publikum. Wie bist du dazu gekommen und wie ist das Gef\u00fchl, vor so vielen Menschen zu singen?<\/p>\n<p><strong>Kati<\/strong>: Meine Plattenfirma JayKay Records hat mich hier vermittelt. Das Gef\u00fchl, vor so vielen Menschen zu spielen, ist einfach toll. Nat\u00fcrlich ist man am Anfang sehr aufgeregt, vor mehr als 3000 Menschen zu singen. Aber nachdem der erste Ton gespielt wurde, war es wie auf \u201eWolke Nr.7\u201c.<\/p>\n<p><strong>kr: <\/strong>Du hast beschlossen, deinen musikalischen Werdegang weiter voranzutreiben und hast ein Studium begonnen. Worum geht es genau in dem Studium und was versprichst du dir davon?<\/p>\n<p><strong>Kati<\/strong>: Ich studiere in Frankfurt \u201eMusical-Darstellerin\u201c. Meiner Meinung nach ist ein \u201eSolides Handwerk\u201c sehr wichtig, auch in unserem Beruf. Hier habe ich die M\u00f6glichkeit meinen Gesang zu verbessern. Au\u00dferdem erm\u00f6glicht mir das Studium weitere F\u00e4higkeiten zu erlernen, neben sehr intensivem Tanztraining und Schauspielunterricht, helfen mir F\u00e4cher wie z.B Phonetik sehr dabei. Schon als Kind hatte ich den Traum in einen Musical mitzuwirken, diesen Traum werde ich mir erf\u00fcllen \ud83d\ude09<\/p>\n<p><strong>kr: <\/strong>Wo siehst du deine Karriere heute und wo in 2 Jahren?<\/p>\n<p><strong>Kati<\/strong>: Ich befinde mich ganz am Anfang, klar habe ich einige Etappen-Ziele erreicht und kann mich gl\u00fccklich sch\u00e4tzten mit einen guten Team zu arbeiten. Wie es in zwei Jahren aussehen wird, kann ich nicht beantworten. Ich kann nur so viel sagen, dass ich an meinem Traum festhalte und nicht stehen bleiben werde, da \u201eStillstand = R\u00fcckschritt\u201c ist, insbesondere in unsere Branche.<\/p>\n<p><strong>kr: <\/strong>Mal etwas pers\u00f6nliches zu dir, hast du Hobbys?<\/p>\n<p><strong>Kati<\/strong>: Klar habe ich Hobbys, in erster Linie habe ich mein gr\u00f6\u00dftes Hobby zum Beruf gemacht. Au\u00dferdem schwimme ich sehr gerne und liebe die Malerei.<\/p>\n<p><strong>kr: <\/strong>Was w\u00fcrdest du mitnehmen auf eine einsame Insel, wenn du 3 Dinge ausw\u00e4hlen k\u00f6nntest?<\/p>\n<p><strong>Kati<\/strong>: Meine zwei Katzen, eine gro\u00dfe Kiste Schokolade, und eine Flasche Rotwein.<\/p>\n<p><a href=\"https:\/\/i0.wp.com\/www.klangrevolution.de\/wp-content\/uploads\/2010\/11\/kati-quer.jpeg\"><img data-recalc-dims=\"1\" loading=\"lazy\" decoding=\"async\" class=\"aligncenter size-full wp-image-66\" title=\"kati-quer\" src=\"https:\/\/i0.wp.com\/www.klangrevolution.de\/wp-content\/uploads\/2010\/11\/kati-quer.jpeg?resize=300%2C201\" alt=\"\" width=\"300\" height=\"201\" \/><\/a><br \/>\n<strong>kr: <\/strong>Zum Ende dieses Interviews noch eine bitte an dich. Es gibt so viele junge Musiker da draussen, die gut sind und verzweifelt ihren Weg suchen. Die meisten werden es nie schaffen, aber k\u00e4mpfen trotzdem unerm\u00fcdlich, um ihren Traum zu erf\u00fcllen. Mit deiner Single, diversen Aufritten und auch einem Plattenvertrag bist du vielen dieser Musiker schon um einiges Voraus. Was m\u00f6chtest du ihnen mit auf den Weg geben?<\/p>\n<p><strong>Kati<\/strong>: Ich kann nur den Tipp geben: sich selbst nie aufgeben, hart an sich zu arbeiten, den die M\u00fche wird belohnt.<br \/>\n<a href=\"https:\/\/i0.wp.com\/www.klangrevolution.de\/wp-content\/uploads\/2010\/11\/plakat-hoch.jpeg\"><img data-recalc-dims=\"1\" loading=\"lazy\" decoding=\"async\" class=\"aligncenter size-full wp-image-67\" title=\"plakat-hoch\" src=\"https:\/\/i0.wp.com\/www.klangrevolution.de\/wp-content\/uploads\/2010\/11\/plakat-hoch.jpeg?resize=211%2C300\" alt=\"\" width=\"211\" height=\"300\" \/><\/a> Wir haben das Interview mit Kati Sommer und Ralf Bopp sehr genossen. Der Eindruck ist, dass wir hier zwei sehr freundliche und bodenst\u00e4ndige Menschen kennenlernen durften. Tr\u00e4ume haben alle, aber nicht viele tun auch wirklich was daf\u00fcr. Bei Kati und Ralf scheint das ganz anders zu sein. Sie schreiben die Texte, \u00fcben t\u00e4glich an ihrer Musik, komponieren die Melodien und k\u00e4mpfen um einen Traum wahr werden zu lassen. Wir dr\u00fccken ihnen beide Daumen, dass der Weg so weitergeht wie bisher.<br \/>\nF\u00fcr alle die gerne in die Single reinh\u00f6ren m\u00f6chten, haben wir hier einmal knapp 50 sec zusammengeschrumpft:<\/p>\n<a class=\"wp-embedded-audio\" href=\"http:\/\/www.klangrevolution.de\/wp-content\/uploads\/2010\/11\/Kati-Sommer-Himalaya-heute-ist-mein-Tag\">http:\/\/www.klangrevolution.de\/wp-content\/uploads\/2010\/11\/Kati-Sommer-Himalaya-heute-ist-mein-Tag<\/a>\n<p>Den Text sowie die Griffe dazu gibt es bei uns zum Download: <a href=\"http:\/\/www.klangrevolution.de\/wp-content\/uploads\/2010\/11\/Heute-ist-mein-Tag.pdf\">Heute-ist-mein-Tag<\/a><br \/>\nZu sehen gibt es Kati mit ihrem Sommergefl\u00fcster unter anderem am:<\/p>\n<ul>\n<li>12. Februar 2010 in Pirmasens: P\u00fcnktchen und Anton<\/li>\n<li>12. M\u00e4rz in Walldorf: Caf\u00e9 Art<\/li>\n<\/ul>\n<p>Die Webseite von Kati Sommer findet man <a href=\"http:\/\/www.katisommer.de\/\" target=\"_blank\">hier<\/a><br \/>\nIhr MySpace Profil ist hier als <a href=\"http:\/\/www.myspace.com\/katisommer\" target=\"_blank\">Kati Sommer<\/a> und als <a href=\"http:\/\/www.myspace.com\/sommergefluester\" target=\"_blank\">Sommergefl\u00fcster<\/a><\/p>\n","protected":false},"excerpt":{"rendered":"<p>Hallo Kati,\u00a0ich freue mich, dass du die Zeit f\u00fcr ein Interview gefunden hast. Das erste Mal Live hatte ich dich im Schatzkistl in Mannheim bei der Silke Hauck Nacht gesehen und war direkt ein Fan von dir. Die Art, wie du dich auf der B\u00fchne bewegst und dazu singst ist einfach toll. Es mach Spa\u00df dir dabei zuzuschauen (und zu h\u00f6ren).<\/p>\n","protected":false},"author":1,"featured_media":66,"comment_status":"open","ping_status":"open","sticky":false,"template":"","format":"standard","meta":{"jetpack_post_was_ever_published":false,"_jetpack_newsletter_access":"","_jetpack_dont_email_post_to_subs":false,"_jetpack_newsletter_tier_id":0,"_jetpack_memberships_contains_paywalled_content":false,"_jetpack_memberships_contains_paid_content":false,"footnotes":""},"categories":[3,5,14],"tags":[30,27,28,31,29],"class_list":["post-62","post","type-post","status-publish","format-standard","has-post-thumbnail","hentry","category-musik","category-personen","category-rezensionen","tag-deutsche-musik","tag-kati-sommer","tag-ralf-bopp","tag-sangerin","tag-schlager"],"translation":{"provider":"WPGlobus","version":"3.0.2","language":"en","enabled_languages":["de","en"],"languages":{"de":{"title":true,"content":true,"excerpt":false},"en":{"title":false,"content":false,"excerpt":false}}},"jetpack_featured_media_url":"https:\/\/i0.wp.com\/www.klangrevolution.de\/wp-content\/uploads\/2010\/11\/kati-quer-e1443020328213.jpeg?fit=300%2C146&ssl=1","jetpack_sharing_enabled":true,"jetpack-related-posts":[],"_links":{"self":[{"href":"https:\/\/www.klangrevolution.de\/en\/wp-json\/wp\/v2\/posts\/62","targetHints":{"allow":["GET"]}}],"collection":[{"href":"https:\/\/www.klangrevolution.de\/en\/wp-json\/wp\/v2\/posts"}],"about":[{"href":"https:\/\/www.klangrevolution.de\/en\/wp-json\/wp\/v2\/types\/post"}],"author":[{"embeddable":true,"href":"https:\/\/www.klangrevolution.de\/en\/wp-json\/wp\/v2\/users\/1"}],"replies":[{"embeddable":true,"href":"https:\/\/www.klangrevolution.de\/en\/wp-json\/wp\/v2\/comments?post=62"}],"version-history":[{"count":0,"href":"https:\/\/www.klangrevolution.de\/en\/wp-json\/wp\/v2\/posts\/62\/revisions"}],"wp:featuredmedia":[{"embeddable":true,"href":"https:\/\/www.klangrevolution.de\/en\/wp-json\/wp\/v2\/media\/66"}],"wp:attachment":[{"href":"https:\/\/www.klangrevolution.de\/en\/wp-json\/wp\/v2\/media?parent=62"}],"wp:term":[{"taxonomy":"category","embeddable":true,"href":"https:\/\/www.klangrevolution.de\/en\/wp-json\/wp\/v2\/categories?post=62"},{"taxonomy":"post_tag","embeddable":true,"href":"https:\/\/www.klangrevolution.de\/en\/wp-json\/wp\/v2\/tags?post=62"}],"curies":[{"name":"wp","href":"https:\/\/api.w.org\/{rel}","templated":true}]}}