{"id":370,"date":"2011-07-29T17:24:55","date_gmt":"2011-07-29T17:24:55","guid":{"rendered":"http:\/\/www.klangrevolution.de\/?p=370"},"modified":"2015-10-30T20:32:52","modified_gmt":"2015-10-30T20:32:52","slug":"halt-dich-an-mir-fest-revolverheld-feat-marta-jandova-und-geht-unter-die-haut","status":"publish","type":"post","link":"https:\/\/www.klangrevolution.de\/en\/musik\/halt-dich-an-mir-fest-revolverheld-feat-marta-jandova-und-geht-unter-die-haut-370\/","title":{"rendered":"Halt Dich an mir fest &#8211; Revolverheld feat. Marta Jandov\u00e1 und geht unter die Haut!"},"content":{"rendered":"<p><a href=\"https:\/\/i0.wp.com\/www.klangrevolution.de\/wp-content\/uploads\/2011\/07\/revolverheld.jpeg\"><img data-recalc-dims=\"1\" loading=\"lazy\" decoding=\"async\" class=\"alignleft size-thumbnail wp-image-371\" title=\"revolverheld\" src=\"https:\/\/i0.wp.com\/www.klangrevolution.de\/wp-content\/uploads\/2011\/07\/revolverheld-150x150.jpg?resize=150%2C150\" alt=\"\" width=\"150\" height=\"150\" srcset=\"https:\/\/i0.wp.com\/www.klangrevolution.de\/wp-content\/uploads\/2011\/07\/revolverheld.jpeg?resize=150%2C150&amp;ssl=1 150w, https:\/\/i0.wp.com\/www.klangrevolution.de\/wp-content\/uploads\/2011\/07\/revolverheld.jpeg?w=240&amp;ssl=1 240w\" sizes=\"auto, (max-width: 150px) 100vw, 150px\" \/><\/a>Die Liebe ist heute oft nicht mehr von lebenslanger Dauer, dies ist eine Tatsache, mit der unsere Generation heute leben muss &#8211; und es auch offensichtlich sehr gut kann. Was aber, wenn dadurch ein Vakuum entsteht, eine Leere wie im freien Fall? Revolverheld hat sich dieser Thematik in dem Song &#8220;Halt dich an mir fest&#8221; angenommen und gemeinsam mit Marta Jandov\u00e1 einen n\u00e4chsten Ohrwurm in die Welt der deutschen Musik entlassen.<\/p>\n<p>Die markante Stimme von Johannes ist und bleibt das Markenzeichen dieser Band und zwingt einen schon f\u00f6rmlich dazu, zuzuh\u00f6ren. Die Texte geben dann noch den Rest dazu um eine Mischung aus cooler geiler deutscher Musik im Radio zu h\u00f6ren. Mit Marta hat er eine Duett-Partnerin, deren Klangfarbe perfekt zu der seinen passt. Den Song &#8220;Halt dich an mir fest&#8221; bekommt ihr wie immer bei <a href=\"http:\/\/www.amazon.de\/gp\/product\/B00486AHXC\/ref=as_li_ss_tl?ie=UTF8&amp;tag=hotthepowofle-21&amp;linkCode=as2&amp;camp=1638&amp;creative=19454&amp;creativeASIN=B00486AHXC\">Amazon<\/a><img loading=\"lazy\" decoding=\"async\" style=\"border: none !important; margin: 0px !important;\" src=\"http:\/\/www.assoc-amazon.de\/e\/ir?t=&amp;l=as2&amp;o=3&amp;a=B00486AHXC\" alt=\"\" width=\"1\" height=\"1\" border=\"0\" \/>\u00a0oder bei <a href=\"http:\/\/clk.tradedoubler.com\/click?p=23761&amp;a=1725532&amp;url=http%3A%2F%2Fitunes.apple.com%2Fde%2Falbum%2Fhalt-dich-mir-fest-duett-version%2Fid400253391%3Fuo%3D4%26partnerId%3D2003\" target=\"itunes_store\"><img data-recalc-dims=\"1\" decoding=\"async\" style=\"border: 0;\" src=\"https:\/\/i0.wp.com\/ax.phobos.apple.com.edgesuite.net\/images\/web\/linkmaker\/badge_itunes-sm.gif\" alt=\"Halt dich an mir fest (Duett Version) [feat. Marta Jandov\u00e1 (Die Happy)] - EP - Revolverheld\" \/><\/a>.<\/p>\n<p>Das Video<!--more-->dazu gibt es auch gleich hier:<\/p>\n<div class=\"video-container\">\n<div data-mode=\"normal\" data-oembed=\"1\" data-provider=\"youtube\" id=\"arve-youtube-wccjun47ucy\" class=\"arve\">\n<div class=\"arve-inner\">\n<div style=\"aspect-ratio:500\/281\" class=\"arve-embed arve-embed--has-aspect-ratio\">\n<div class=\"arve-ar\" style=\"padding-top:56.200000%\"><\/div>\n<p>\t\t\t<iframe allow=\"accelerometer &apos;none&apos;;autoplay &apos;none&apos;;bluetooth &apos;none&apos;;browsing-topics &apos;none&apos;;camera &apos;none&apos;;clipboard-read &apos;none&apos;;clipboard-write;display-capture &apos;none&apos;;encrypted-media &apos;none&apos;;gamepad &apos;none&apos;;geolocation &apos;none&apos;;gyroscope &apos;none&apos;;hid &apos;none&apos;;identity-credentials-get &apos;none&apos;;idle-detection &apos;none&apos;;keyboard-map &apos;none&apos;;local-fonts;magnetometer &apos;none&apos;;microphone &apos;none&apos;;midi &apos;none&apos;;otp-credentials &apos;none&apos;;payment &apos;none&apos;;picture-in-picture;publickey-credentials-create &apos;none&apos;;publickey-credentials-get &apos;none&apos;;screen-wake-lock &apos;none&apos;;serial &apos;none&apos;;summarizer &apos;none&apos;;sync-xhr;usb &apos;none&apos;;web-share;window-management &apos;none&apos;;xr-spatial-tracking &apos;none&apos;;\" allowfullscreen=\"\" class=\"arve-iframe fitvidsignore\" credentialless data-arve=\"arve-youtube-wccjun47ucy\" data-lenis-prevent=\"\" data-src-no-ap=\"https:\/\/www.youtube-nocookie.com\/embed\/wCcJuN47UcY?feature=oembed&#038;wmode=opaque&amp;iv_load_policy=3&amp;modestbranding=1&amp;rel=0&amp;autohide=1&amp;playsinline=0&amp;autoplay=0\" frameborder=\"0\" height=\"0\" loading=\"lazy\" name=\"\" referrerpolicy=\"strict-origin-when-cross-origin\" sandbox=\"allow-scripts allow-same-origin allow-presentation allow-popups allow-popups-to-escape-sandbox\" scrolling=\"no\" src=\"https:\/\/www.youtube-nocookie.com\/embed\/wCcJuN47UcY?feature=oembed&#038;wmode=opaque&#038;iv_load_policy=3&#038;modestbranding=1&#038;rel=0&#038;autohide=1&#038;playsinline=0&#038;autoplay=0\" title=\"\" width=\"0\"><\/iframe><\/p><\/div>\n<\/p><\/div>\n<p>\t<script type=\"application\/ld+json\">{\"@context\":\"http:\\\/\\\/schema.org\\\/\",\"@id\":\"https:\\\/\\\/www.klangrevolution.de\\\/en\\\/musik\\\/halt-dich-an-mir-fest-revolverheld-feat-marta-jandova-und-geht-unter-die-haut-370\\\/#arve-youtube-wccjun47ucy\",\"type\":\"VideoObject\",\"embedURL\":\"https:\\\/\\\/www.youtube-nocookie.com\\\/embed\\\/wCcJuN47UcY?feature=oembed&wmode=opaque&iv_load_policy=3&modestbranding=1&rel=0&autohide=1&playsinline=0&autoplay=0\"}<\/script><\/p>\n<div class=\"arve-error\">\n<p><small><abbr title=\"Advanced Responsive Video Embedder\">ARVE<\/abbr> error: Mode: lazyload not available (ARVE Pro not active?), switching to normal mode<\/small><\/p>\n<\/div>\n<\/div>\n<\/div>\n<p><strong>Die Band:<\/strong><\/p>\n<p>Gitarre, Gesang: Johannes Strate<br \/>\nGitarre, Gesang: Kristoffer H\u00fcnecke<br \/>\nGitarre, Gesang: Niels Gr\u00f6tsch<br \/>\nSchlagzeug: Jakob Sinn<br \/>\nBass: Florian Speer<\/p>\n<p>Und wenn ihr gleich noch in Stimmung seid um mitzusingen hier die Lyrics:<\/p>\n<blockquote><p>Du hast mich lang nicht mehr so angesehen<br \/>\nhast mir lang nichts mehr erz\u00e4hlt.<br \/>\nUnsere Fotos hast du abgenommen<br \/>\nweil dir irgendetwas fehlt.<br \/>\nDu rufst mich und sagst ich wei\u00df nicht mehr,<br \/>\nwei\u00dft nicht mehr was dich ber\u00fchrt.<br \/>\nDie letzten Jahre haben dich aufgew\u00fchlt<br \/>\nund dich nur noch mehr verwirrt.<\/p>\n<p>Halt dich an mir fest, wenn dein Leben dich zerrei\u00dft.<br \/>\nHalt dich an mir fest, wenn du nicht mehr weiter wei\u00dft.<br \/>\nIch kann dich verstehn.<br \/>\nHalt dich an mir fest, weil das alles ist was bleibt.<\/p>\n<p>Ich lass das Licht an bis du schlafen kannst<br \/>\ndoch du w\u00e4llst dich hin und her.<br \/>\nSchl\u00e4fst die N\u00e4chte von mir abgewandt,<br \/>\nbist du einsam neben mir?<\/p>\n<p>Halt dich an mir fest, wenn dein Leben dich zerrei\u00dft.<br \/>\nHalt dich an mir fest, wenn du nicht mehr weiter wei\u00dft.<br \/>\nIch kann dich verstehn.<br \/>\nHalt dich an mir fest, weil das alles ist was bleibt.<\/p>\n<p>Siehst du den Weg aus dieser Dunkelheit?<br \/>\nWillst du raus, ich bin bereit.<br \/>\nDas kann nicht alles schon gewesen sein.<br \/>\nIch glaub an uns und unsere Zeit.<\/p>\n<p>Halt dich an mir fest, wenn dein Leben dich zerrei\u00dft.<br \/>\nHalt dich an mir fest, wenn du nicht mehr weiter wei\u00dft.<br \/>\nHalt dich an mir fest, wenn dein Leben dich zerrei\u00dft.<br \/>\nHalt dich an mir fest, wenn du nicht mehr weiter wei\u00dft.<br \/>\nIch kann dich verstehn.<br \/>\nHalt dich an mir fest, weil das alles ist was bleibt.<br \/>\nHalt dich an mir fest, wenn dein Leben dich zerrei\u00dft.<br \/>\nHalt dich an mir fest, wenn du nicht mehr weiter wei\u00dft.<br \/>\nIch lass dich nicht gehn.<br \/>\nHalt dich an mir fest, weil das alles ist was bleibt.<br \/>\nHalt dich an mir fest, weil das alles ist was bleibt.<br \/>\nHalt dich an mir fest, weil das alles ist was bleibt.<\/p><\/blockquote>\n","protected":false},"excerpt":{"rendered":"<p>Die Liebe ist heute oft nicht mehr von lebenslanger Dauer, dies ist eine Tatsache, mit der unsere Generation heute leben muss &#8211; und es auch offensichtlich sehr gut kann. Was aber, wenn dadurch ein Vakuum entsteht, eine Leere wie im freien Fall? Revolverheld hat sich dieser Thematik in dem Song &#8220;Halt dich an mir fest&#8221; angenommen und gemeinsam mit Marta Jandov\u00e1 einen n\u00e4chsten Ohrwurm in&#46;&#46;&#46;<\/p>\n","protected":false},"author":1,"featured_media":1043,"comment_status":"open","ping_status":"open","sticky":false,"template":"","format":"standard","meta":{"jetpack_post_was_ever_published":false,"_jetpack_newsletter_access":"","_jetpack_dont_email_post_to_subs":false,"_jetpack_newsletter_tier_id":0,"_jetpack_memberships_contains_paywalled_content":false,"_jetpack_memberships_contains_paid_content":false,"footnotes":""},"categories":[3],"tags":[313,315,342,335,341,338,339,336,556,340,334,337],"class_list":["post-370","post","type-post","status-publish","format-standard","has-post-thumbnail","hentry","category-musik","tag-charts","tag-deutsch","tag-florian-speer","tag-halt","tag-jakob-sinn","tag-johannes-strate","tag-kristoffer-hunecke","tag-liebe","tag-musik","tag-niels-grotsch","tag-revolverheld","tag-song"],"translation":{"provider":"WPGlobus","version":"3.0.2","language":"en","enabled_languages":["de","en"],"languages":{"de":{"title":true,"content":true,"excerpt":false},"en":{"title":false,"content":false,"excerpt":false}}},"jetpack_featured_media_url":"https:\/\/i0.wp.com\/www.klangrevolution.de\/wp-content\/uploads\/2011\/07\/revolverheld_feat_marta_jandova-halt_dich_an_mir_fest_s-e1443006099187.jpg?fit=500%2C246&ssl=1","jetpack_sharing_enabled":true,"jetpack-related-posts":[],"_links":{"self":[{"href":"https:\/\/www.klangrevolution.de\/en\/wp-json\/wp\/v2\/posts\/370","targetHints":{"allow":["GET"]}}],"collection":[{"href":"https:\/\/www.klangrevolution.de\/en\/wp-json\/wp\/v2\/posts"}],"about":[{"href":"https:\/\/www.klangrevolution.de\/en\/wp-json\/wp\/v2\/types\/post"}],"author":[{"embeddable":true,"href":"https:\/\/www.klangrevolution.de\/en\/wp-json\/wp\/v2\/users\/1"}],"replies":[{"embeddable":true,"href":"https:\/\/www.klangrevolution.de\/en\/wp-json\/wp\/v2\/comments?post=370"}],"version-history":[{"count":0,"href":"https:\/\/www.klangrevolution.de\/en\/wp-json\/wp\/v2\/posts\/370\/revisions"}],"wp:featuredmedia":[{"embeddable":true,"href":"https:\/\/www.klangrevolution.de\/en\/wp-json\/wp\/v2\/media\/1043"}],"wp:attachment":[{"href":"https:\/\/www.klangrevolution.de\/en\/wp-json\/wp\/v2\/media?parent=370"}],"wp:term":[{"taxonomy":"category","embeddable":true,"href":"https:\/\/www.klangrevolution.de\/en\/wp-json\/wp\/v2\/categories?post=370"},{"taxonomy":"post_tag","embeddable":true,"href":"https:\/\/www.klangrevolution.de\/en\/wp-json\/wp\/v2\/tags?post=370"}],"curies":[{"name":"wp","href":"https:\/\/api.w.org\/{rel}","templated":true}]}}