{"id":254,"date":"2010-03-13T00:36:56","date_gmt":"2010-03-13T00:36:56","guid":{"rendered":"http:\/\/www.klangrevolution.de\/?p=254"},"modified":"2015-10-30T20:44:33","modified_gmt":"2015-10-30T20:44:33","slug":"lena-meyer-landrut-fahrt-nach-oslo","status":"publish","type":"post","link":"https:\/\/www.klangrevolution.de\/en\/musik\/lena-meyer-landrut-fahrt-nach-oslo-254\/","title":{"rendered":"Lena Meyer-Landrut f\u00e4hrt nach Oslo"},"content":{"rendered":"<p><img data-recalc-dims=\"1\" loading=\"lazy\" decoding=\"async\" class=\"alignleft size-full wp-image-12\" title=\"Denon-DN-HP-700_icon\" src=\"https:\/\/i0.wp.com\/www.klangrevolution.de\/wp-content\/uploads\/2010\/11\/Denon-DN-HP-700_icon.png?resize=60%2C150\" alt=\"\" width=\"60\" height=\"150\" \/>Es ist gekl\u00e4rt und gewonnen, Lena Meyer-Landrut\u00a0ist unser Star f\u00fcr Oslo. Die junge Powerfrau mit der ganz eigenen Stimme hat es geschafft und sich am Ende gegen die 19 anderen durchgesetzt. Sie kann sich nat\u00fcrlich freuen und so wird es auch Stefan Raab gehen.<!--more--><img data-recalc-dims=\"1\" loading=\"lazy\" decoding=\"async\" class=\" wp-image-1212 alignright\" src=\"https:\/\/i0.wp.com\/www.klangrevolution.de\/wp-content\/uploads\/2010\/03\/444px-Lena_Oslo3_cropped1.jpg?resize=176%2C238\" alt=\"444px-Lena_Oslo3_cropped\" width=\"176\" height=\"238\" srcset=\"https:\/\/i0.wp.com\/www.klangrevolution.de\/wp-content\/uploads\/2010\/03\/444px-Lena_Oslo3_cropped1.jpg?resize=222%2C300&amp;ssl=1 222w, https:\/\/i0.wp.com\/www.klangrevolution.de\/wp-content\/uploads\/2010\/03\/444px-Lena_Oslo3_cropped1.jpg?w=444&amp;ssl=1 444w\" sizes=\"auto, (max-width: 176px) 100vw, 176px\" \/><\/p>\n<p>Doch die Anspr\u00fcche sind viel h\u00f6her. Mit Ihrem Song, mit dem sie Deutschland in Oslo zum Eurovision Songcontest vertreten wird, d\u00fcrften wir ein etwa gleiches Abschneiden, wie schon beim letzten Mal mit den No Angels, erwarten k\u00f6nnen. Von einem Team um Stefan Raab h\u00e4tte man wahrlich mehr erwarten k\u00f6nnen. Der Song f\u00e4ngt nicht nur sehr nervig an, l\u00e4sst auch \u00fcber die gesamte Dauer kein gutes Gef\u00fchl aufkommen, viele unsch\u00f6ne T\u00f6ne dominieren den Sound.<\/p>\n<p>Doch was noch viel schlimmer ist, ist die Tatsache, wie schlecht Lena Landrut das Englisch pr\u00e4sentiert und das gerade in einem skandinavischen Land, in dem nahezu jeder ein sehr sehr gutes Englisch spricht. Das Englisch klingt aufgesetzt und mehr gewollt als gekonnt.<\/p>\n<p>https:\/\/youtube.com\/watch?v=ifd0auARJ3Y<\/p>\n<p>Deutschland hat einen riesen Wirbel darum gemacht und Raab hat sich wie der Mesias feiern lassen. Am Ende ist aber ein minderwertiges Produkt herausgekommen, was einmal mehr unser Streben nach einem peinlichen Rang in der Entwertung des Wettbewerbes herausstreicht. Und so d\u00fcrften auch die Stimmen &#8211; berechtigter Weise &#8211; wieder lauter werden, wir sollen uns endlich aus diesem Wettbewerb verabschieden.<\/p>\n<p>Trauriges Deutschland, da bleibt nur noch zu sagen: Gildo hat euch mit ein bisschen Frieden lieb und wundert sich \u00fcber datte watte dude dade hatte.<\/p>\n<p>\u00a9 Foto bei <a href=\"https:\/\/en.wikipedia.org\/wiki\/User:Keraunoscopia?rdfrom=commons:User:Keraunoscopia\">Keraunoscopia<\/a> unter <a href=\"https:\/\/creativecommons.org\/licenses\/by-sa\/2.0\/deed.en\">CC license<\/a><\/p>\n","protected":false},"excerpt":{"rendered":"<p>Es ist gekl\u00e4rt und gewonnen, Lena Meyer-Landrut\u00a0ist unser Star f\u00fcr Oslo. Die junge Powerfrau mit der ganz eigenen Stimme hat es geschafft und sich am Ende gegen die 19 anderen durchgesetzt. Sie kann sich nat\u00fcrlich freuen und so wird es auch Stefan Raab gehen.<\/p>\n","protected":false},"author":1,"featured_media":1210,"comment_status":"open","ping_status":"open","sticky":false,"template":"","format":"standard","meta":{"jetpack_post_was_ever_published":false,"_jetpack_newsletter_access":"","_jetpack_dont_email_post_to_subs":false,"_jetpack_newsletter_tier_id":0,"_jetpack_memberships_contains_paywalled_content":false,"_jetpack_memberships_contains_paid_content":false,"footnotes":""},"categories":[3],"tags":[173,174,134,175],"class_list":["post-254","post","type-post","status-publish","format-standard","has-post-thumbnail","hentry","category-musik","tag-eurovision-song-contest","tag-lena-landrut-meyer","tag-pro7","tag-stefan-raab"],"translation":{"provider":"WPGlobus","version":"3.0.2","language":"en","enabled_languages":["de","en"],"languages":{"de":{"title":true,"content":true,"excerpt":false},"en":{"title":false,"content":false,"excerpt":false}}},"jetpack_featured_media_url":"https:\/\/i0.wp.com\/www.klangrevolution.de\/wp-content\/uploads\/2010\/03\/444px-Lena_Oslo3_cropped-e1443451986761.jpg?fit=443%2C200&ssl=1","jetpack_sharing_enabled":true,"jetpack-related-posts":[],"_links":{"self":[{"href":"https:\/\/www.klangrevolution.de\/en\/wp-json\/wp\/v2\/posts\/254","targetHints":{"allow":["GET"]}}],"collection":[{"href":"https:\/\/www.klangrevolution.de\/en\/wp-json\/wp\/v2\/posts"}],"about":[{"href":"https:\/\/www.klangrevolution.de\/en\/wp-json\/wp\/v2\/types\/post"}],"author":[{"embeddable":true,"href":"https:\/\/www.klangrevolution.de\/en\/wp-json\/wp\/v2\/users\/1"}],"replies":[{"embeddable":true,"href":"https:\/\/www.klangrevolution.de\/en\/wp-json\/wp\/v2\/comments?post=254"}],"version-history":[{"count":0,"href":"https:\/\/www.klangrevolution.de\/en\/wp-json\/wp\/v2\/posts\/254\/revisions"}],"wp:featuredmedia":[{"embeddable":true,"href":"https:\/\/www.klangrevolution.de\/en\/wp-json\/wp\/v2\/media\/1210"}],"wp:attachment":[{"href":"https:\/\/www.klangrevolution.de\/en\/wp-json\/wp\/v2\/media?parent=254"}],"wp:term":[{"taxonomy":"category","embeddable":true,"href":"https:\/\/www.klangrevolution.de\/en\/wp-json\/wp\/v2\/categories?post=254"},{"taxonomy":"post_tag","embeddable":true,"href":"https:\/\/www.klangrevolution.de\/en\/wp-json\/wp\/v2\/tags?post=254"}],"curies":[{"name":"wp","href":"https:\/\/api.w.org\/{rel}","templated":true}]}}