{"id":237,"date":"2010-03-04T22:36:23","date_gmt":"2010-03-04T22:36:23","guid":{"rendered":"http:\/\/www.klangrevolution.de\/?p=237"},"modified":"2015-10-30T20:49:59","modified_gmt":"2015-10-30T20:49:59","slug":"der-echo-2010-robbie-williams-xavier-naidoo-depeche-mode-jan-delay-sido-cassandra-steen-raumen-ab-beim-echo-2010","status":"publish","type":"post","link":"https:\/\/www.klangrevolution.de\/en\/musik\/der-echo-2010-robbie-williams-xavier-naidoo-depeche-mode-jan-delay-sido-cassandra-steen-raumen-ab-beim-echo-2010-237\/","title":{"rendered":"Der Echo 2010 &#8211; Robbie Williams, Xavier Naidoo, Depeche Mode, Jan Delay, Sido, Cassandra Steen r\u00e4umen ab beim Echo 2010"},"content":{"rendered":"<p><a href=\"\/wp-content\/uploads\/2010\/11\/Echo-2010.gif\"><img loading=\"lazy\" decoding=\"async\" class=\"alignleft size-full wp-image-3326\" title=\"Echo-2010, Yellowtab\" src=\"\/wp-content\/uploads\/2010\/11\/Echo-2010.gif\" alt=\"\" width=\"115\" height=\"92\" \/><\/a>In diesen Stunden steigt in Berlin wieder die gr\u00f6\u00dfte &#8220;Party&#8221; des Jahres in der Musikbranche mit einem Staraufgebot, das sich sehen lassen kann&#8230;<!--more--><\/p>\n<p>Das sind die <strong>Preistr\u00e4ger <\/strong>des Echos 2010 (fettgedruckt):<\/p>\n<p><em><strong>K\u00dcNSTLER NATIONAL ROCK\/POP (\u00dcberreicht durch Michael Mittermayer und Esther Schweins):<\/strong><\/em><\/p>\n<ul>\n<li>Roger Cicero<\/li>\n<li>David Garrett<\/li>\n<li>Peter Maffay<\/li>\n<li>Marius M\u00fcller-Westernhagen<\/li>\n<li><strong>Xavier Naidoo<\/strong><\/li>\n<\/ul>\n<p><strong>BESTER NEWCOMER NATIONAL:<\/strong><\/p>\n<ul>\n<li>Eisblume<\/li>\n<li>Cherona<\/li>\n<li><strong>The Baseballs<\/strong><\/li>\n<li>Daniel Schuhmacher<\/li>\n<li>Petruta Kr\u00fcpper<\/li>\n<\/ul>\n<p><em><strong>K\u00dcNSTLER INTERNATIONAL ROCK\/POP (\u00dcberreicht durch Oliver Kahn)<\/strong><\/em><\/p>\n<ul>\n<li>David Guetta<\/li>\n<li>Mark Knopfler<\/li>\n<li>Bruce Springsteen<\/li>\n<li>Milow<\/li>\n<li><strong>Robbie Williams<\/strong><\/li>\n<\/ul>\n<p><em><strong>K\u00dcNSTLERIN NATIONAL ROCK\/POP<\/strong><\/em><\/p>\n<ul>\n<li>Eisblume<\/li>\n<li>Annett Louisan<\/li>\n<li>Ina M\u00fcller<\/li>\n<li>Nena<\/li>\n<li><strong>Cassandra Steen<\/strong><\/li>\n<li>Beyonc\u00e9<\/li>\n<li>Whitney Houston<\/li>\n<li><strong>Lady GaGa<\/strong><\/li>\n<li>Marit Larsen<\/li>\n<li>Pink<\/li>\n<\/ul>\n<p><em><strong>GRUPPE NATIONAL ROCK\/POP<\/strong><\/em><\/p>\n<ul>\n<li>Adoro<\/li>\n<li>Ich + Ich<\/li>\n<li>Pur<\/li>\n<li><strong>Silbermond<\/strong><\/li>\n<li>S\u00f6hne Mannheims<\/li>\n<\/ul>\n<p><em><strong>GRUPPE INTERNATIONAL ROCK\/POP<\/strong><\/em><\/p>\n<ul>\n<li>Aha<\/li>\n<li>Black Eyed Peas<\/li>\n<li><strong>Depeche Mode<\/strong><\/li>\n<li>Razorlight<\/li>\n<li>U2<\/li>\n<\/ul>\n<p><em><strong>K\u00dcNSTLER\/K\u00dcNSTLERIN\/GRUPPE DEUTSCHSPRACHIGER SCHLAGER<\/strong><\/em> (\u00dcberreicht durch Hape Kerkeling)<\/p>\n<ul>\n<li><strong>Andrea Berg<\/strong><\/li>\n<li>DJ \u00d6tzi<\/li>\n<li>Helen Fischer<\/li>\n<li>Die Flippers<\/li>\n<li>Semino Rossi<\/li>\n<\/ul>\n<p><em><strong>K\u00dcNSTLER\/K\u00dcNSTLERIN\/GRUPPE VOLKST\u00dcMLICHE MUSIK<\/strong><\/em><\/p>\n<ul>\n<li>Amigos<\/li>\n<li>Hansi Hinterseer<\/li>\n<li><strong>Kastelruther Spatzen<\/strong><\/li>\n<li>Nockalm Quintett<\/li>\n<li>Die Zipfelbuben<\/li>\n<\/ul>\n<p><em><strong>BESTER LIVE-ACT NATIONAL:<\/strong><\/em><\/p>\n<ul>\n<li><strong>Silbermond<\/strong><\/li>\n<li>Jan Delay<\/li>\n<li>Peter Fox<\/li>\n<li>Xavier Naidoo<\/li>\n<li>Reamonn<\/li>\n<\/ul>\n<p>Ebenso gewann<strong> Sido<\/strong> den Preis f\u00fcr das beste Musikvideo und sorgte f\u00fcr einen ganz besonderen Moment mit Oliver Pocher, der ihm den Preis \u00fcberreichte.<\/p>\n<div class=\"video-container\">\n<div data-mode=\"normal\" data-oembed=\"1\" data-provider=\"youtube\" id=\"arve-youtube-fiq7tdlhdxq\" class=\"arve\">\n<div class=\"arve-inner\">\n<div style=\"aspect-ratio:500\/281\" class=\"arve-embed arve-embed--has-aspect-ratio\">\n<div class=\"arve-ar\" style=\"padding-top:56.200000%\"><\/div>\n<p>\t\t\t<iframe allow=\"accelerometer &apos;none&apos;;autoplay &apos;none&apos;;bluetooth &apos;none&apos;;browsing-topics &apos;none&apos;;camera &apos;none&apos;;clipboard-read &apos;none&apos;;clipboard-write;display-capture &apos;none&apos;;encrypted-media &apos;none&apos;;gamepad &apos;none&apos;;geolocation &apos;none&apos;;gyroscope &apos;none&apos;;hid &apos;none&apos;;identity-credentials-get &apos;none&apos;;idle-detection &apos;none&apos;;keyboard-map &apos;none&apos;;local-fonts;magnetometer &apos;none&apos;;microphone &apos;none&apos;;midi &apos;none&apos;;otp-credentials &apos;none&apos;;payment &apos;none&apos;;picture-in-picture;publickey-credentials-create &apos;none&apos;;publickey-credentials-get &apos;none&apos;;screen-wake-lock &apos;none&apos;;serial &apos;none&apos;;summarizer &apos;none&apos;;sync-xhr;usb &apos;none&apos;;web-share;window-management &apos;none&apos;;xr-spatial-tracking &apos;none&apos;;\" allowfullscreen=\"\" class=\"arve-iframe fitvidsignore\" credentialless data-arve=\"arve-youtube-fiq7tdlhdxq\" data-lenis-prevent=\"\" data-src-no-ap=\"https:\/\/www.youtube-nocookie.com\/embed\/FIq7TdLHdXQ?feature=oembed&#038;wmode=opaque&amp;iv_load_policy=3&amp;modestbranding=1&amp;rel=0&amp;autohide=1&amp;playsinline=0&amp;autoplay=0\" frameborder=\"0\" height=\"0\" loading=\"lazy\" name=\"\" referrerpolicy=\"strict-origin-when-cross-origin\" sandbox=\"allow-scripts allow-same-origin allow-presentation allow-popups allow-popups-to-escape-sandbox\" scrolling=\"no\" src=\"https:\/\/www.youtube-nocookie.com\/embed\/FIq7TdLHdXQ?feature=oembed&#038;wmode=opaque&#038;iv_load_policy=3&#038;modestbranding=1&#038;rel=0&#038;autohide=1&#038;playsinline=0&#038;autoplay=0\" title=\"\" width=\"0\"><\/iframe><\/p><\/div>\n<\/p><\/div>\n<p>\t<script type=\"application\/ld+json\">{\"@context\":\"http:\\\/\\\/schema.org\\\/\",\"@id\":\"https:\\\/\\\/www.klangrevolution.de\\\/en\\\/musik\\\/der-echo-2010-robbie-williams-xavier-naidoo-depeche-mode-jan-delay-sido-cassandra-steen-raumen-ab-beim-echo-2010-237\\\/#arve-youtube-fiq7tdlhdxq\",\"type\":\"VideoObject\",\"embedURL\":\"https:\\\/\\\/www.youtube-nocookie.com\\\/embed\\\/FIq7TdLHdXQ?feature=oembed&wmode=opaque&iv_load_policy=3&modestbranding=1&rel=0&autohide=1&playsinline=0&autoplay=0\"}<\/script><\/p>\n<div class=\"arve-error\">\n<p><small><abbr title=\"Advanced Responsive Video Embedder\">ARVE<\/abbr> error: Mode: lazyload not available (ARVE Pro not active?), switching to normal mode<\/small><\/p>\n<\/div>\n<\/div>\n<\/div>\n<p>Liveperformances von:<br \/>\nGossip, Robbie Williams, Kesha, Jan Delay, Rihanna, Ich &amp; Ich (mit Cassandra Steen und Gentleman), Xavier Naidoo, Peter Maffay sowie einem Michael Jackson Tribute.<\/p>\n","protected":false},"excerpt":{"rendered":"<p>In diesen Stunden steigt in Berlin wieder die gr\u00f6\u00dfte &#8220;Party&#8221; des Jahres in der Musikbranche mit einem Staraufgebot, das sich sehen lassen kann&#8230;<\/p>\n","protected":false},"author":1,"featured_media":1123,"comment_status":"open","ping_status":"open","sticky":false,"template":"","format":"standard","meta":{"jetpack_post_was_ever_published":false,"_jetpack_newsletter_access":"","_jetpack_dont_email_post_to_subs":false,"_jetpack_newsletter_tier_id":0,"_jetpack_memberships_contains_paywalled_content":false,"_jetpack_memberships_contains_paid_content":false,"footnotes":""},"categories":[3,5],"tags":[153,150,147,151,146,148,149,152,92],"class_list":["post-237","post","type-post","status-publish","format-standard","has-post-thumbnail","hentry","category-musik","category-personen","tag-cassandra-steen","tag-depeche-mode","tag-echo-2010","tag-jan-delay","tag-peter-maffay","tag-preis","tag-robbie-williams","tag-sido","tag-xavier-naidoo"],"translation":{"provider":"WPGlobus","version":"3.0.2","language":"en","enabled_languages":["de","en"],"languages":{"de":{"title":true,"content":true,"excerpt":false},"en":{"title":false,"content":false,"excerpt":false}}},"jetpack_featured_media_url":"https:\/\/i0.wp.com\/www.klangrevolution.de\/wp-content\/uploads\/2010\/03\/Echo-2010-e1443017819221.gif?fit=374%2C166&ssl=1","jetpack_sharing_enabled":true,"jetpack-related-posts":[],"_links":{"self":[{"href":"https:\/\/www.klangrevolution.de\/en\/wp-json\/wp\/v2\/posts\/237","targetHints":{"allow":["GET"]}}],"collection":[{"href":"https:\/\/www.klangrevolution.de\/en\/wp-json\/wp\/v2\/posts"}],"about":[{"href":"https:\/\/www.klangrevolution.de\/en\/wp-json\/wp\/v2\/types\/post"}],"author":[{"embeddable":true,"href":"https:\/\/www.klangrevolution.de\/en\/wp-json\/wp\/v2\/users\/1"}],"replies":[{"embeddable":true,"href":"https:\/\/www.klangrevolution.de\/en\/wp-json\/wp\/v2\/comments?post=237"}],"version-history":[{"count":0,"href":"https:\/\/www.klangrevolution.de\/en\/wp-json\/wp\/v2\/posts\/237\/revisions"}],"wp:featuredmedia":[{"embeddable":true,"href":"https:\/\/www.klangrevolution.de\/en\/wp-json\/wp\/v2\/media\/1123"}],"wp:attachment":[{"href":"https:\/\/www.klangrevolution.de\/en\/wp-json\/wp\/v2\/media?parent=237"}],"wp:term":[{"taxonomy":"category","embeddable":true,"href":"https:\/\/www.klangrevolution.de\/en\/wp-json\/wp\/v2\/categories?post=237"},{"taxonomy":"post_tag","embeddable":true,"href":"https:\/\/www.klangrevolution.de\/en\/wp-json\/wp\/v2\/tags?post=237"}],"curies":[{"name":"wp","href":"https:\/\/api.w.org\/{rel}","templated":true}]}}