{"id":1964,"date":"2025-09-26T10:10:55","date_gmt":"2025-09-26T10:10:55","guid":{"rendered":"https:\/\/www.klangrevolution.de\/?p=1964"},"modified":"2025-09-07T10:13:06","modified_gmt":"2025-09-07T10:13:06","slug":"sternenfluestern-bernd-korz-ehrt-rio-reiser-mit-neuer-poetischer-nachtballade","status":"publish","type":"post","link":"https:\/\/www.klangrevolution.de\/en\/musik\/sternenfluestern-bernd-korz-ehrt-rio-reiser-mit-neuer-poetischer-nachtballade-1964\/","title":{"rendered":"Sternenfl\u00fcstern: Bernd Korz ehrt Rio Reiser mit neuer, poetischer Nachtballade"},"content":{"rendered":"\n<p>Am 26. September 2025 erscheint \u201eSternenfl\u00fcstern\u201c, die neue Single von Bernd Korz. Die selbstbewusst reduzierte Nachtballade verbindet Singer\/Songwriter\u2011Intimit\u00e4t mit modernem Indie\u2011Pop und wird in zwei Sprachfassungen ver\u00f6ffentlicht: Hochdeutsch und Pf\u00e4lzisch. Der Song ist zugleich eine pers\u00f6nliche Hommage an die Lieder, die Korz zeitlebens gepr\u00e4gt haben \u2013 allen voran Rio Reiser.<\/p>\n\n\n\n<p>Aufgewachsen mit deutschem Rock und Pop, geh\u00f6ren Namen wie Herbert Gr\u00f6nemeyer, Udo Lindenberg und Ideal zu den pr\u00e4genden Gr\u00f6\u00dfen in Korz\u2019 musikalischer Sozialisation. Besonders tief hat ihn Rio Reiser ber\u00fchrt: \u201eJunimond\u201c begleitete ihn \u00fcber Jahre hinweg. Aus der Frage, wie man diese Inspiration w\u00fcrdevoll aufgreift, entstand nicht etwa eine Bearbeitung des Klassikers, sondern ein eigenst\u00e4ndiges Werk. \u201eSternenfl\u00fcstern ist f\u00fcr mich eine emotionale Reise zur\u00fcck zu den Liedern, die mich gepr\u00e4gt haben, besonders zu Rio Reisers \u201aJunimond\u2018. Es ist meine Weise, mit Respekt und Liebe diese Inspiration in mein eigenes musikalisches Universum zu holen\u201c, sagt Bernd Korz.<\/p>\n\n\n\n<div style=\"position: relative; height: 0; padding-bottom: 56.25%;\"><iframe style=\"position: absolute; top: 0; left: 0; width: 100%; height: 100%; border: 0;\" allow=\"fullscreen; picture-in-picture\" allowfullscreen src=\"https:\/\/alugha.com\/embed\/web-player?v=6b3617b0-88e9-11f0-b9e3-d17a78960494\"><\/iframe><\/div>\n\n\n\n<p><\/p>\n\n\n\n<p><strong>Entstehung und Produktion<\/strong><\/p>\n\n\n\n<p>Die Produktion von \u201eSternenfl\u00fcstern\u201c ist das Ergebnis einer engen Kooperation: <a href=\"https:\/\/www.leonardvaessen.com\/\">Leonard Vaessen<\/a> (Circus Electric, Vug), <a href=\"http:\/\/berndkorz.de\">Bernd Korz <\/a>und <a href=\"http:\/\/kesselhautmusic.com\" data-type=\"link\" data-id=\"kesselhautmusic.com\">Adam Kesselhaut <\/a>(<a href=\"https:\/\/www.bewakemusic.com\/\" data-type=\"link\" data-id=\"https:\/\/www.bewakemusic.com\/\">BeWake<\/a> Studios, Berlin) zeichneten gemeinsam verantwortlich f\u00fcr die Aufnahme des Songs. Leonard Vaessen war als Mixing\u2011Engineer t\u00e4tig und steuerte Schlagzeug, Tasten und Bass bei. Die akustischen und elektrischen Gitarren spielte <a href=\"https:\/\/www.adriandehn.com\/\">Adrian Dehn<\/a> (u. a. The White Dukes), dessen markantes Gitarrenspiel dem Arrangement zus\u00e4tzliche Nuancen verleiht.<\/p>\n\n\n\n<p>Instrumental setzt der Track auf eine warme, organische Basis: akustische und elektrische Gitarre, Klavier und Elektroklavier, Bass und Schlagzeug formen eine Klanglandschaft, die Raum f\u00fcr die Stimme und die poetischen Bilder der Lyrics l\u00e4sst. Der Aufbau (ruhige, erz\u00e4hlerische Strophen, singbarer Refrain, erz\u00e4hlende Bridge und Outro) folgt einer klassischen Songstruktur, die zugleich moderne Arrangements und Produktionsdetails integriert.<\/p>\n\n\n\n<p><strong>Musikalische Einordnung <\/strong><\/p>\n\n\n\n<p>Musikalisch bewegt sich \u201eSternenfl\u00fcstern\u201c zwischen Singer\/Songwriter\u2011Ballade und Indie\u2011Pop \u2013 eine Kombination, die den emotionalen Kern der St\u00fccke betont, ohne auf zeitgem\u00e4\u00dfe Klangfarben zu verzichten. Die Melodie ist eing\u00e4ngig, der Refrain tr\u00e4gt eine melancholische W\u00e4rme. Durch die Zweisprachigkeit (Hochdeutsch und Pf\u00e4lzisch) gewinnt der Song an Authentizit\u00e4t und \u00f6ffnet sich zugleich regional verwurzelten wie \u00fcberregionalen Zuh\u00f6rer*innen.<\/p>\n\n\n\n<p><strong>Text und Stimmung <\/strong><\/p>\n\n\n\n<p>Die Lyrics zeichnen ein n\u00e4chtliches Szenario: Sternenlicht, Sehnsucht, das Festhalten an Liebe und Erinnerung. Bilder wie \u201eSternenfl\u00fcstern in der Dunkelheit\u201c und \u201emein Traum, der ewig weiterlebt\u201c transportieren eine melancholische Hoffnung, die das St\u00fcck pr\u00e4gt. Korz gelingt es, mit schlichten, dennoch pr\u00e4gnanten Motiven eine intime Atmosph\u00e4re zu schaffen, in der die Stimme und die erz\u00e4hlerische Haltung im Mittelpunkt stehen.<\/p>\n\n\n\n<p><strong>Relevanz f\u00fcr Redaktion<\/strong><\/p>\n\n\n\n<p>Radio &amp; Playlists \u201eSternenfl\u00fcstern\u201c eignet sich hervorragend f\u00fcr akustische Formate, Singer\/Songwriter\u2011Playlists und Sendungen mit Fokus auf deutschsprachige Songwriter\u2011Musik. Die namhaften Mitwirkenden und die klare, radiofreundliche Produktion machen die Single auch f\u00fcr Magazin\u2011Features, Akustik\u2011Sessions und kuratierte Playlists interessant.<\/p>\n\n\n\n<p><strong>Verf\u00fcgbarkeit &amp; Links <\/strong><\/p>\n\n\n\n<p>Die Single \u201eSternenfl\u00fcstern\u201c erscheint am 26.09.2025 auf allen gro\u00dfen Streaming\u2011Plattformen \u2013 darunter Spotify, Apple Music und Deezer. Die Sprachversionen in Hochdeutsch und Pf\u00e4lzisch sind au\u00dferdem auf der Videoplattform alugha verf\u00fcgbar. Pressetext, Pressefotos und Audiomaterial sind \u00fcber SuperLifePromo erh\u00e4ltlich.<\/p>\n\n\n\n<p>Credits<\/p>\n\n\n\n<ul class=\"wp-block-list\">\n<li>K\u00fcnstler: <a href=\"http:\/\/berndkorz.de\" data-type=\"link\" data-id=\"berndkorz.de\">Bernd Korz<\/a><\/li>\n\n\n\n<li>Text &amp; Musik: Bernd Korz<\/li>\n\n\n\n<li>Produktion: Leonard Vaessen \u00b7 Bernd Korz \u00b7 <a href=\"https:\/\/kesselhautmusic.com\/\" data-type=\"link\" data-id=\"https:\/\/kesselhautmusic.com\/\">Adam Kesselhaut<\/a> (BeWake Studios, Berlin)<\/li>\n\n\n\n<li>Mixing &amp; Instrumente: Leonard Vaessen \u2013 Schlagzeug, Tasten, Bass<\/li>\n\n\n\n<li>Gitarre (akustisch &amp; elektrisch): Adrian Dehn (u. a. The White Dukes)<\/li>\n<\/ul>\n\n\n\n<p>Bei Interesse an weiterem Material (Interview, Pressepaket, exklusive Akustikaufnahme) melde dich gern bei <a href=\"https:\/\/www.superlifepromo.de\/\">SuperLifePromo<\/a>.<\/p>\n\n\n\n<p><\/p>\n","protected":false},"excerpt":{"rendered":"<p>Am 26. September 2025 erscheint \u201eSternenfl\u00fcstern\u201c, die neue Single von Bernd Korz. Die selbstbewusst reduzierte Nachtballade verbindet Singer\/Songwriter\u2011Intimit\u00e4t mit modernem Indie\u2011Pop und wird in zwei Sprachfassungen ver\u00f6ffentlicht: Hochdeutsch und Pf\u00e4lzisch. Der Song ist zugleich eine pers\u00f6nliche Hommage an die Lieder, die Korz zeitlebens gepr\u00e4gt haben \u2013 allen voran Rio Reiser. Aufgewachsen mit deutschem Rock und Pop, geh\u00f6ren Namen wie Herbert Gr\u00f6nemeyer, Udo Lindenberg und Ideal&#46;&#46;&#46;<\/p>\n","protected":false},"author":1,"featured_media":1966,"comment_status":"open","ping_status":"open","sticky":false,"template":"","format":"standard","meta":{"jetpack_post_was_ever_published":false,"_jetpack_newsletter_access":"","_jetpack_dont_email_post_to_subs":false,"_jetpack_newsletter_tier_id":0,"_jetpack_memberships_contains_paywalled_content":false,"_jetpack_memberships_contains_paid_content":false,"footnotes":""},"categories":[3],"tags":[567,269,820,315,823,818,821,817,819,822],"class_list":["post-1964","post","type-post","status-publish","format-standard","has-post-thumbnail","hentry","category-musik","tag-alugha","tag-bernd-korz","tag-bewake-studios","tag-deutsch","tag-leonard-vaessen","tag-neue-single-2025","tag-pfaelzisch","tag-rio-reiser-hommage","tag-singer-songwriter-deutsch","tag-sternenfluestern"],"translation":{"provider":"WPGlobus","version":"3.0.2","language":"en","enabled_languages":["de","en"],"languages":{"de":{"title":true,"content":true,"excerpt":false},"en":{"title":false,"content":false,"excerpt":false}}},"jetpack_featured_media_url":"https:\/\/i0.wp.com\/www.klangrevolution.de\/wp-content\/uploads\/2025\/09\/Hochdeutsch.png?fit=1734%2C974&ssl=1","jetpack_sharing_enabled":true,"jetpack-related-posts":[],"_links":{"self":[{"href":"https:\/\/www.klangrevolution.de\/en\/wp-json\/wp\/v2\/posts\/1964","targetHints":{"allow":["GET"]}}],"collection":[{"href":"https:\/\/www.klangrevolution.de\/en\/wp-json\/wp\/v2\/posts"}],"about":[{"href":"https:\/\/www.klangrevolution.de\/en\/wp-json\/wp\/v2\/types\/post"}],"author":[{"embeddable":true,"href":"https:\/\/www.klangrevolution.de\/en\/wp-json\/wp\/v2\/users\/1"}],"replies":[{"embeddable":true,"href":"https:\/\/www.klangrevolution.de\/en\/wp-json\/wp\/v2\/comments?post=1964"}],"version-history":[{"count":2,"href":"https:\/\/www.klangrevolution.de\/en\/wp-json\/wp\/v2\/posts\/1964\/revisions"}],"predecessor-version":[{"id":1967,"href":"https:\/\/www.klangrevolution.de\/en\/wp-json\/wp\/v2\/posts\/1964\/revisions\/1967"}],"wp:featuredmedia":[{"embeddable":true,"href":"https:\/\/www.klangrevolution.de\/en\/wp-json\/wp\/v2\/media\/1966"}],"wp:attachment":[{"href":"https:\/\/www.klangrevolution.de\/en\/wp-json\/wp\/v2\/media?parent=1964"}],"wp:term":[{"taxonomy":"category","embeddable":true,"href":"https:\/\/www.klangrevolution.de\/en\/wp-json\/wp\/v2\/categories?post=1964"},{"taxonomy":"post_tag","embeddable":true,"href":"https:\/\/www.klangrevolution.de\/en\/wp-json\/wp\/v2\/tags?post=1964"}],"curies":[{"name":"wp","href":"https:\/\/api.w.org\/{rel}","templated":true}]}}