{"id":187,"date":"2010-02-02T13:15:11","date_gmt":"2010-02-02T13:15:11","guid":{"rendered":"http:\/\/www.klangrevolution.de\/?p=187"},"modified":"2015-10-30T21:04:19","modified_gmt":"2015-10-30T21:04:19","slug":"sebastian-hamers-neues-album-flugplan-2","status":"publish","type":"post","link":"https:\/\/www.klangrevolution.de\/en\/musik\/sebastian-hamers-neues-album-flugplan-2-187\/","title":{"rendered":"Sebastian H\u00e4mers neues Album &#8211; Flugplan 2"},"content":{"rendered":"<p><img data-recalc-dims=\"1\" loading=\"lazy\" decoding=\"async\" class=\"alignleft size-full wp-image-188\" title=\"SebastianHaemer_sm\" src=\"https:\/\/i0.wp.com\/www.klangrevolution.de\/wp-content\/uploads\/2010\/11\/SebastianHaemer_sm.jpeg?resize=60%2C55\" alt=\"\" width=\"60\" height=\"55\" \/>Wir sind hier auf der Veranstaltung &#8220;Ein Lied f\u00fcr Haiti&#8221; und haben die Zeit gefunden, uns in eine ruhig Ecke mit Sebastian H\u00e4mer zu setzen und durften ihm einige Fragen stellen. Uns hatte vor allem interessiert, was in der Zeit seit seinem letzten Album bei ihm denn so passiert ist.<!--more--><\/p>\n<p><strong>kr<\/strong>: Hallo Sebastian, nach deinem Album &#8220;Der Fliegende Mann&#8221; hast du viel zu tun gehabt, die vielen Auftritte auf Konzerten, f\u00fcr TV Werbung und vieles mehr. Wir haben gelesen, dass 3p und du nun getrennte Wege gehen und du dein n\u00e4chstes Album woanders produzierst, kannst du uns was dazu sagen?<\/p>\n<div class=\"video-container\">\n<div data-mode=\"normal\" data-oembed=\"1\" data-provider=\"youtube\" id=\"arve-youtube-9gqipgub-nu\" class=\"arve\">\n<div class=\"arve-inner\">\n<div style=\"aspect-ratio:4\/3\" class=\"arve-embed arve-embed--has-aspect-ratio\">\n<div class=\"arve-ar\" style=\"padding-top:75.000000%\"><\/div>\n<p>\t\t\t<iframe allow=\"accelerometer &apos;none&apos;;autoplay &apos;none&apos;;bluetooth &apos;none&apos;;browsing-topics &apos;none&apos;;camera &apos;none&apos;;clipboard-read &apos;none&apos;;clipboard-write;display-capture &apos;none&apos;;encrypted-media &apos;none&apos;;gamepad &apos;none&apos;;geolocation &apos;none&apos;;gyroscope &apos;none&apos;;hid &apos;none&apos;;identity-credentials-get &apos;none&apos;;idle-detection &apos;none&apos;;keyboard-map &apos;none&apos;;local-fonts;magnetometer &apos;none&apos;;microphone &apos;none&apos;;midi &apos;none&apos;;otp-credentials &apos;none&apos;;payment &apos;none&apos;;picture-in-picture;publickey-credentials-create &apos;none&apos;;publickey-credentials-get &apos;none&apos;;screen-wake-lock &apos;none&apos;;serial &apos;none&apos;;summarizer &apos;none&apos;;sync-xhr;usb &apos;none&apos;;web-share;window-management &apos;none&apos;;xr-spatial-tracking &apos;none&apos;;\" allowfullscreen=\"\" class=\"arve-iframe fitvidsignore\" credentialless data-arve=\"arve-youtube-9gqipgub-nu\" data-lenis-prevent=\"\" data-src-no-ap=\"https:\/\/www.youtube-nocookie.com\/embed\/9gQIPgUB-NU?feature=oembed&#038;wmode=opaque&amp;iv_load_policy=3&amp;modestbranding=1&amp;rel=0&amp;autohide=1&amp;playsinline=0&amp;autoplay=0\" frameborder=\"0\" height=\"0\" loading=\"lazy\" name=\"\" referrerpolicy=\"strict-origin-when-cross-origin\" sandbox=\"allow-scripts allow-same-origin allow-presentation allow-popups allow-popups-to-escape-sandbox\" scrolling=\"no\" src=\"https:\/\/www.youtube-nocookie.com\/embed\/9gQIPgUB-NU?feature=oembed&#038;wmode=opaque&#038;iv_load_policy=3&#038;modestbranding=1&#038;rel=0&#038;autohide=1&#038;playsinline=0&#038;autoplay=0\" title=\"\" width=\"0\"><\/iframe><\/p><\/div>\n<\/p><\/div>\n<p>\t<script type=\"application\/ld+json\">{\"@context\":\"http:\\\/\\\/schema.org\\\/\",\"@id\":\"https:\\\/\\\/www.klangrevolution.de\\\/en\\\/musik\\\/sebastian-hamers-neues-album-flugplan-2-187\\\/#arve-youtube-9gqipgub-nu\",\"type\":\"VideoObject\",\"embedURL\":\"https:\\\/\\\/www.youtube-nocookie.com\\\/embed\\\/9gQIPgUB-NU?feature=oembed&wmode=opaque&iv_load_policy=3&modestbranding=1&rel=0&autohide=1&playsinline=0&autoplay=0\"}<\/script><\/p>\n<div class=\"arve-error\">\n<p><small><abbr title=\"Advanced Responsive Video Embedder\">ARVE<\/abbr> error: Mode: lazyload not available (ARVE Pro not active?), switching to normal mode<\/small><\/p>\n<\/div>\n<\/div>\n<\/div>\n<p><strong>Sebastian H\u00e4mer (s.h.)<\/strong>: Ich habe mich von Moses getrennt und dann Daniel, meinen Schlagzeuger aus der alten Band angerufen. Der war sofort begeistert und machte mit mir einen Live-Gig. Von da an war uns klar, dass wir gemeinsam ein Album produzieren w\u00fcrden. Zu unserem &#8220;Duo&#8221; gesellte sich dann noch Marvin Gl\u00f6ckner. Wir bauten uns in Rostock ein Tonstudio und haben dann dort in den letzten 12 Monaten mein Album <a href=\"http:\/\/www.amazon.de\/gp\/product\/B00303WRNW?ie=UTF8&amp;tag=hotthepowofle-21&amp;linkCode=as2&amp;camp=1638&amp;creative=19454&amp;creativeASIN=B00303WRNW\" target=\"_blank\">Flugplan 2<\/a><img loading=\"lazy\" decoding=\"async\" style=\"border: none !important; margin: 0px !important;\" src=\"http:\/\/www.assoc-amazon.de\/e\/ir?t=hotthepowofle-21&amp;l=as2&amp;o=3&amp;a=B00303WRNW\" alt=\"\" width=\"1\" height=\"1\" border=\"0\" \/> auf die Beine gestellt.<\/p>\n<p><strong>kr<\/strong>: Wie weit bist du mit der Produktion und wann k\u00f6nnen wir mit dem Album rechnen?<\/p>\n<p><a href=\"\/wp-content\/uploads\/2010\/11\/SebastianHaemer_1340.jpg\"><img loading=\"lazy\" decoding=\"async\" class=\"aligncenter size-medium wp-image-2270\" title=\"Sebastian H\u00e4mer\" src=\"\/wp-content\/uploads\/2010\/11\/SebastianHaemer_1340-300x272.jpg\" alt=\"\" width=\"300\" height=\"272\" \/><\/a><\/p>\n<p><strong>s.h.<\/strong>: Die Produktions ist vollkommen abgeschlossen und wir fiebern dem 26. Februar voll entgegen. An diesem Tag wird das Album ver\u00f6ffentlicht werden.<\/p>\n<p><strong>kr<\/strong>: Du hast vor kurzem ein Video nebst Single ver\u00f6ffentlicht: <a href=\"http:\/\/www.amazon.de\/gp\/product\/B002H5934A?ie=UTF8&amp;tag=hotthepowofle-21&amp;linkCode=as2&amp;camp=1638&amp;creative=19454&amp;creativeASIN=B002H5934A\" target=\"_blank\">Steig mit ins Boot (Single-Version)<\/a><img loading=\"lazy\" decoding=\"async\" style=\"border: none !important; margin: 0px !important;\" src=\"http:\/\/www.assoc-amazon.de\/e\/ir?t=hotthepowofle-21&amp;l=as2&amp;o=3&amp;a=B002H5934A\" alt=\"\" width=\"1\" height=\"1\" border=\"0\" \/><br \/>\n. Wie kam es zu dem Projekt, kannst du uns dazu etwas mehr sagen?<\/p>\n<div class=\"video-container\">\n<div data-mode=\"normal\" data-oembed=\"1\" data-provider=\"youtube\" id=\"arve-youtube-l5bkef-ccbm\" class=\"arve\">\n<div class=\"arve-inner\">\n<div style=\"aspect-ratio:500\/281\" class=\"arve-embed arve-embed--has-aspect-ratio\">\n<div class=\"arve-ar\" style=\"padding-top:56.200000%\"><\/div>\n<p>\t\t\t<iframe allow=\"accelerometer &apos;none&apos;;autoplay &apos;none&apos;;bluetooth &apos;none&apos;;browsing-topics &apos;none&apos;;camera &apos;none&apos;;clipboard-read &apos;none&apos;;clipboard-write;display-capture &apos;none&apos;;encrypted-media &apos;none&apos;;gamepad &apos;none&apos;;geolocation &apos;none&apos;;gyroscope &apos;none&apos;;hid &apos;none&apos;;identity-credentials-get &apos;none&apos;;idle-detection &apos;none&apos;;keyboard-map &apos;none&apos;;local-fonts;magnetometer &apos;none&apos;;microphone &apos;none&apos;;midi &apos;none&apos;;otp-credentials &apos;none&apos;;payment &apos;none&apos;;picture-in-picture;publickey-credentials-create &apos;none&apos;;publickey-credentials-get &apos;none&apos;;screen-wake-lock &apos;none&apos;;serial &apos;none&apos;;summarizer &apos;none&apos;;sync-xhr;usb &apos;none&apos;;web-share;window-management &apos;none&apos;;xr-spatial-tracking &apos;none&apos;;\" allowfullscreen=\"\" class=\"arve-iframe fitvidsignore\" credentialless data-arve=\"arve-youtube-l5bkef-ccbm\" data-lenis-prevent=\"\" data-src-no-ap=\"https:\/\/www.youtube-nocookie.com\/embed\/L5bkef-CCBM?feature=oembed&#038;wmode=opaque&amp;iv_load_policy=3&amp;modestbranding=1&amp;rel=0&amp;autohide=1&amp;playsinline=0&amp;autoplay=0\" frameborder=\"0\" height=\"0\" loading=\"lazy\" name=\"\" referrerpolicy=\"strict-origin-when-cross-origin\" sandbox=\"allow-scripts allow-same-origin allow-presentation allow-popups allow-popups-to-escape-sandbox\" scrolling=\"no\" src=\"https:\/\/www.youtube-nocookie.com\/embed\/L5bkef-CCBM?feature=oembed&#038;wmode=opaque&#038;iv_load_policy=3&#038;modestbranding=1&#038;rel=0&#038;autohide=1&#038;playsinline=0&#038;autoplay=0\" title=\"\" width=\"0\"><\/iframe><\/p><\/div>\n<\/p><\/div>\n<p>\t<script type=\"application\/ld+json\">{\"@context\":\"http:\\\/\\\/schema.org\\\/\",\"@id\":\"https:\\\/\\\/www.klangrevolution.de\\\/en\\\/musik\\\/sebastian-hamers-neues-album-flugplan-2-187\\\/#arve-youtube-l5bkef-ccbm\",\"type\":\"VideoObject\",\"embedURL\":\"https:\\\/\\\/www.youtube-nocookie.com\\\/embed\\\/L5bkef-CCBM?feature=oembed&wmode=opaque&iv_load_policy=3&modestbranding=1&rel=0&autohide=1&playsinline=0&autoplay=0\"}<\/script><\/p>\n<div class=\"arve-error\">\n<p><small><abbr title=\"Advanced Responsive Video Embedder\">ARVE<\/abbr> error: Mode: lazyload not available (ARVE Pro not active?), switching to normal mode<\/small><\/p>\n<\/div>\n<\/div>\n<\/div>\n<p><strong>s.h.<\/strong>: Das ist ein Kinderhilfsprojekt in Rostock. &#8220;Allroundsport&#8221; kam auf uns zu und begeisterte uns von deren Idee, ein Projekt, Namens &#8220;Frogs for Future&#8221; auf die Beine zu stellen. Dabei geht es darum, dass junge finanziell schwache Menschen an einem Sport teilhaben k\u00f6nnen. Man bietet den Kindern dank dieses Projektes eine Ausbildung im Kickboxen und erm\u00f6glicht ihnen dadurch, gemeinsam etwas zu lernen und durch den Sport auch Aggressionen abzubauen. Wir waren so begeistert von der Idee, dass wir direkt den Song geschrieben und auch das Video produziert haben.<\/p>\n<p>Heute sind wir soweit damit, dass auch andere Sportvereine dieses Lied und das Video dazu nutzen, auch anderen finanziell schwachen Familien und deren Kindern Sport als Ausgleich anbieten zu k\u00f6nnen.<\/p>\n<p><a href=\"\/wp-content\/uploads\/2010\/11\/IMG_1280.jpg\"><img loading=\"lazy\" decoding=\"async\" class=\"aligncenter size-medium wp-image-2251\" title=\"Sebastian H\u00e4mer 1\" src=\"\/wp-content\/uploads\/2010\/11\/IMG_1280-300x199.jpg\" alt=\"\" width=\"300\" height=\"199\" \/><\/a><\/p>\n<p><strong>kr<\/strong>: Wie schaut es mit deiner Band aus, hat sich da was formiert oder ist es die alte Band, die schon bei deinem Deb\u00fctalbum dabei war?<\/p>\n<p><strong>s.h.<\/strong>: Ich habe mit dem Album eine komplett neue Band aufgebaut. Die K\u00fcnstler kommen alle aus Rostock, das war uns sehr wichtig, denn so k\u00f6nnen wir schneller Proben. Mit diesem Schritt wollte ich auch meine Verbundenheit zu meiner Heimat zeigen, Rostock braucht solche Projekte und das vor allem auch mit Menschen AUS Rostock und Umgebung.<\/p>\n<p><a href=\"\/wp-content\/uploads\/2010\/11\/IMG_1281.jpg\"><img loading=\"lazy\" decoding=\"async\" class=\"aligncenter size-medium wp-image-2252\" title=\"Sebastian H\u00e4mer 2\" src=\"\/wp-content\/uploads\/2010\/11\/IMG_1281-300x199.jpg\" alt=\"\" width=\"300\" height=\"199\" \/><\/a><\/p>\n<p><strong>kr<\/strong>: Habt ihr schon eine Tour geplant?<\/p>\n<p><strong>s.h.<\/strong>: Die Tour ist in Planung, aber wir m\u00fcssen erst einmal abwarten, wie das Album anl\u00e4uft, dann entscheiden wir, wo und wie wir starten werden. Aber es wird die Tour definitiv noch dieses Jahr geben und wir freuen uns schon unglaublich darauf.<\/p>\n<p><strong>kr<\/strong>: K\u00f6nnen wir dich schon im Radio h\u00f6ren?<\/p>\n<p>https:\/\/youtube.com\/watch?v=aOZ3S6YbRWs<\/p>\n<p><strong>s.h<\/strong>.: Ja. Radiopromotion l\u00e4uft gerade an, die gro\u00dfen Sender spielen unsere neue Single &#8220;Wieso bist du weg von mir&#8221;, die am 19. Februar erscheinen wird, bereits.<\/p>\n<p><a href=\"\/wp-content\/uploads\/2010\/11\/IMG_1337.jpg\"><img loading=\"lazy\" decoding=\"async\" class=\"aligncenter size-medium wp-image-2254\" title=\"Daniel Stieg\" src=\"\/wp-content\/uploads\/2010\/11\/IMG_1337-300x199.jpg\" alt=\"\" width=\"300\" height=\"199\" \/><\/a><\/p>\n<p><strong>kr<\/strong>: Im Laufe der letzten 5 Jahren hast du viel erreicht, dein Album hat sich sehr gut verkauft und du bist auf gro\u00dfen B\u00fchnen aufgetreten. Wie ist der Basti von heute? Hat dich das alles etwas ver\u00e4ndert?<\/p>\n<p><strong>s.h.<\/strong>: Ich bin \u00e4lter geworden. Wir sind mit der Musik auf &#8220;Old School&#8221; zur\u00fcck gegangen, ich wollte weg von all den Sample-Sounds, wir wollten die T\u00f6ne selbst einspielen. Das Album ist dadurch &#8220;ehrlich&#8221; geworden. Das ist eine der Hauptentwicklungen, die ich vollzogen habe. Ja, ich mache wieder richtig Musik, vom Menschen f\u00fcr den Menschen.<\/p>\n<p><strong>kr<\/strong>: Die Texte deines letzten Albums gehen teilweise wirklich unter die Haut, mir f\u00e4llt da z.B. &#8220;Mein Dank&#8221; ein, ein tolles Lied mit viel Tiefsinnigkeit. Wie fallen dir diese Texte ein? Kommt das einfach so auf dich zu, oder musst du da richtig hart dran arbeiten an so einem Song?<\/p>\n<p><strong>s.h.<\/strong>: Teils teils, manchmal fliegt es auf einen zu, aber manchmal ist es auch wirklich harte Arbeit. Das Leben ist so reich an Geschichten, jedes Element hat uns etwas mitzuteilen, an manchen Tagen ist man einfach unglaublich offen und &#8220;H\u00f6rt&#8221; diesen Elementen zu, daraus baut sich dann ein Lied auf. Wie ein Haus, wenn das Fundament erst einmal steht, baut man es St\u00fcck f\u00fcr St\u00fcck auf.<\/p>\n<p><a href=\"\/wp-content\/uploads\/2010\/11\/IMG_1345.jpg\"><img loading=\"lazy\" decoding=\"async\" class=\"aligncenter size-medium wp-image-2256\" title=\"Sebastian H\u00e4mer + Rolf Stahlhofen 1\" src=\"\/wp-content\/uploads\/2010\/11\/IMG_1345-300x199.jpg\" alt=\"\" width=\"300\" height=\"199\" \/><\/a><\/p>\n<p><strong>kr<\/strong>: Das Jahr 2010 ist noch ganz frisch, du hattest deine ersten Auftritte und konntest dadurch erste Erfahrungen \u00a0daf\u00fcr sammeln, was w\u00fcnschst du dir f\u00fcr dich und auch deine Musik im Jahr 2010?<\/p>\n<p><strong>s.h.<\/strong>: Wir haben unglaublich hart gearbeitet. Die Belohnung darin w\u00e4re auch gleichzeitig mein gr\u00f6\u00dfter Wunsch: Dass die Menschen meine Musik m\u00f6gen und sich daran erfreuen. Wenn ich meine Songs im Radio h\u00f6re oder mitbekomme, wie andere mitsingen, dann ist dieser Wunsch in Erf\u00fcllung gegangen.<\/p>\n<p><a href=\"\/wp-content\/uploads\/2010\/11\/IMG_1346.jpg\"><img loading=\"lazy\" decoding=\"async\" class=\"aligncenter size-medium wp-image-2257\" title=\"Sebastian H\u00e4mer + Rolf Stahlhofen 2\" src=\"\/wp-content\/uploads\/2010\/11\/IMG_1346-300x199.jpg\" alt=\"\" width=\"300\" height=\"199\" \/><\/a><\/p>\n<p><strong>kr<\/strong>: Du spielst hier bei &#8220;Ein Lied f\u00fcr Haiti&#8221;, wie kam es dazu?<\/p>\n<p><strong>s.h.<\/strong>: Mein Telefon klingelte, ich war grade im Stress und war daher umso \u00fcberraschter, als da die Stimme erklang &#8220;Hi, hier ist der Rolf Stahlhofen&#8221;. Er erz\u00e4hlte mir, worum es bei diesem Projekt ginge und ich war sofort dabei. Diese Katastrophe hatte mich in den letzen Wochen eh schon sehr besch\u00e4ftigt und ich war selbst schon am \u00fcberlegen, wie ich irgendwas machen k\u00f6nnte. Es war irgendwie so, als wenn jemand meine Gedanken gelesen h\u00e4tte.<\/p>\n<p><strong>kr<\/strong>: Kurz zu Rolf hast du schonmal mit ihm gespielt? Er ist ja auch so wie du, er schreib auch alles selbst.<\/p>\n<p><strong>s.h.<\/strong>: Nein, leider noch nicht, aber ich freu mich riesig darauf, mit ihm zu spielen. Ich hatte ihm meine Songs geschickt und er fand das Album auf Anhieb gut. Wir besprachen dann, welche Lieder wir gemeinsam performen werden. Wir werden definitiv einen tollen Abend haben und die Menschen begeistert, davon bin ich \u00fcberzeugt.<\/p>\n<p><a href=\"\/wp-content\/uploads\/2010\/11\/IMG_1347.jpg\"><img loading=\"lazy\" decoding=\"async\" class=\"aligncenter size-medium wp-image-2258\" title=\"Sebastian H\u00e4mer + Rolf Stahlhofen 3\" src=\"\/wp-content\/uploads\/2010\/11\/IMG_1347-300x199.jpg\" alt=\"\" width=\"300\" height=\"199\" \/><\/a><\/p>\n<p><strong>kr<\/strong>: Es ist ganz schlimm, was in Haiti passiert ist, bis zu 200.000 Menschen verloren ihr Leben, diese Veranstaltung ist besonders f\u00fcr die Kinder gedacht, die nicht nur alles Hab und Gut, sondern zum Teil sogar ihre ganzen Familien verloren haben. Wie empfindest du, was da passiert ist?<\/p>\n<p><strong>s.h.<\/strong>: Es ist unglaublich, es hat mich sofort an die Tsunamikatastrophe erinnert. Mir war sofort klar, dass wir etwas tun m\u00fcssen. Dort herscht der Ausnahmezustand. Wir k\u00f6nnen singen -und wollen damit einfach nur helfen.<\/p>\n<p><strong>kr<\/strong>: Wir bedanken uns, dass du dir die Zeit f\u00fcr uns genommen hast, m\u00f6chtest du unseren Lesern noch etwas mitgeben?<\/p>\n<p><strong>s.h.<\/strong>: Bleibt so wie ihr seid und spendet f\u00fcr Haiti.<\/p>\n","protected":false},"excerpt":{"rendered":"<p>Wir sind hier auf der Veranstaltung &#8220;Ein Lied f\u00fcr Haiti&#8221; und haben die Zeit gefunden, uns in eine ruhig Ecke mit Sebastian H\u00e4mer zu setzen und durften ihm einige Fragen stellen. Uns hatte vor allem interessiert, was in der Zeit seit seinem letzten Album bei ihm denn so passiert ist.<\/p>\n","protected":false},"author":1,"featured_media":1133,"comment_status":"open","ping_status":"open","sticky":false,"template":"","format":"standard","meta":{"jetpack_post_was_ever_published":false,"_jetpack_newsletter_access":"","_jetpack_dont_email_post_to_subs":false,"_jetpack_newsletter_tier_id":0,"_jetpack_memberships_contains_paywalled_content":false,"_jetpack_memberships_contains_paid_content":false,"footnotes":""},"categories":[3,5,14],"tags":[89,91,88,90,93,70,92],"class_list":["post-187","post","type-post","status-publish","format-standard","has-post-thumbnail","hentry","category-musik","category-personen","category-rezensionen","tag-3p","tag-album","tag-daniel-stieg","tag-flugplan-2","tag-moses-pelham","tag-sebastian-hamer","tag-xavier-naidoo"],"translation":{"provider":"WPGlobus","version":"3.0.2","language":"en","enabled_languages":["de","en"],"languages":{"de":{"title":true,"content":true,"excerpt":false},"en":{"title":false,"content":false,"excerpt":false}}},"jetpack_featured_media_url":"https:\/\/i0.wp.com\/www.klangrevolution.de\/wp-content\/uploads\/2010\/02\/SebastianHaemer_1340-e1443018985782.jpg?fit=850%2C452&ssl=1","jetpack_sharing_enabled":true,"jetpack-related-posts":[],"_links":{"self":[{"href":"https:\/\/www.klangrevolution.de\/en\/wp-json\/wp\/v2\/posts\/187","targetHints":{"allow":["GET"]}}],"collection":[{"href":"https:\/\/www.klangrevolution.de\/en\/wp-json\/wp\/v2\/posts"}],"about":[{"href":"https:\/\/www.klangrevolution.de\/en\/wp-json\/wp\/v2\/types\/post"}],"author":[{"embeddable":true,"href":"https:\/\/www.klangrevolution.de\/en\/wp-json\/wp\/v2\/users\/1"}],"replies":[{"embeddable":true,"href":"https:\/\/www.klangrevolution.de\/en\/wp-json\/wp\/v2\/comments?post=187"}],"version-history":[{"count":0,"href":"https:\/\/www.klangrevolution.de\/en\/wp-json\/wp\/v2\/posts\/187\/revisions"}],"wp:featuredmedia":[{"embeddable":true,"href":"https:\/\/www.klangrevolution.de\/en\/wp-json\/wp\/v2\/media\/1133"}],"wp:attachment":[{"href":"https:\/\/www.klangrevolution.de\/en\/wp-json\/wp\/v2\/media?parent=187"}],"wp:term":[{"taxonomy":"category","embeddable":true,"href":"https:\/\/www.klangrevolution.de\/en\/wp-json\/wp\/v2\/categories?post=187"},{"taxonomy":"post_tag","embeddable":true,"href":"https:\/\/www.klangrevolution.de\/en\/wp-json\/wp\/v2\/tags?post=187"}],"curies":[{"name":"wp","href":"https:\/\/api.w.org\/{rel}","templated":true}]}}