{"id":290,"date":"2010-05-24T18:20:21","date_gmt":"2010-05-24T18:20:21","guid":{"rendered":"http:\/\/www.klangrevolution.de\/?p=290"},"modified":"2015-09-23T13:18:46","modified_gmt":"2015-09-23T13:18:46","slug":"rolf-stahlhofen-im-zdf-fernsehgarten-24-mai-2010-wenn-dir-die-liebe-fehlt","status":"publish","type":"post","link":"http:\/\/www.klangrevolution.de\/en\/musik\/rolf-stahlhofen-im-zdf-fernsehgarten-24-mai-2010-wenn-dir-die-liebe-fehlt-290\/","title":{"rendered":"Rolf Stahlhofen im ZDF Fernsehgarten 24. Mai 2010 &#8211; Wenn dir die Liebe fehlt"},"content":{"rendered":"<p><a href=\"\/wp-content\/uploads\/2010\/11\/IMG_2860_marked.jpg\"><img loading=\"lazy\" decoding=\"async\" class=\"size-full wp-image-5271 alignleft\" title=\"IMG_2860_marked\" src=\"\/wp-content\/uploads\/2010\/11\/IMG_2860_marked.jpg\" alt=\"\" width=\"186\" height=\"131\" \/><\/a><\/p>\n<p>Wenn dir die Liebe fehlt&#8230; Was n\u00fctzt dir der Glaube dann? Mit dieser Frage besch\u00e4ftigt sich Rolf Stahlhofen in seiner <a href=\"http:\/\/www.amazon.de\/gp\/product\/B002T1X0X2?ie=UTF8&amp;tag=hotthepowofle-21&amp;linkCode=as2&amp;camp=1638&amp;creative=19454&amp;creativeASIN=B002T1X0X2\">Singleauskopplung<\/a><img loading=\"lazy\" decoding=\"async\" style=\"border: none !important; margin: 0px !important;\" src=\"http:\/\/www.assoc-amazon.de\/e\/ir?t=hotthepowofle-21&amp;l=as2&amp;o=3&amp;a=B002T1X0X2\" border=\"0\" alt=\"\" width=\"1\" height=\"1\" \/> seines Albums <a href=\"http:\/\/www.amazon.de\/gp\/product\/B002NFED6W?ie=UTF8&amp;tag=hotthepowofle-21&amp;linkCode=as2&amp;camp=1638&amp;creative=19454&amp;creativeASIN=B002NFED6W\">Besser Jetzt Als Nie<\/a><img loading=\"lazy\" decoding=\"async\" style=\"border: none !important; margin: 0px !important;\" src=\"http:\/\/www.assoc-amazon.de\/e\/ir?t=hotthepowofle-21&amp;l=as2&amp;o=3&amp;a=B002NFED6W\" border=\"0\" alt=\"\" width=\"1\" height=\"1\" \/>. Wir waren mit Rolf an diesem wundersch\u00f6nen Sommertag in Mainz im ZDF Fernsehgarten.<!--more--><\/p>\n<p>Schon im Backstagebereich ging es f\u00fcr Rolf zun\u00e4chst stresshaft zu und er musste immer wieder Autogramme geben. Es hatte dabei jedoch in keinster Weise einen stresshaften Eindruck nach au\u00dfen gemacht, ein Routiner halt \ud83d\ude42<\/p>\n<p style=\"text-align: center;\"><a href=\"\/wp-content\/uploads\/2010\/11\/IMG_2825_marked.jpg\"><img loading=\"lazy\" decoding=\"async\" class=\"alignnone size-thumbnail wp-image-5272\" title=\"IMG_2825_marked\" src=\"\/wp-content\/uploads\/2010\/11\/IMG_2825_marked-150x150.jpg\" alt=\"\" width=\"150\" height=\"150\" \/><\/a> <a href=\"\/wp-content\/uploads\/2010\/11\/IMG_2826_marked.jpg\"><img loading=\"lazy\" decoding=\"async\" class=\"alignnone size-thumbnail wp-image-5273\" title=\"IMG_2826_marked\" src=\"\/wp-content\/uploads\/2010\/11\/IMG_2826_marked-150x150.jpg\" alt=\"\" width=\"150\" height=\"150\" \/><\/a> <a href=\"\/wp-content\/uploads\/2010\/11\/IMG_2827_marked.jpg\"><img loading=\"lazy\" decoding=\"async\" class=\"alignnone size-thumbnail wp-image-5274\" title=\"IMG_2827_marked\" src=\"\/wp-content\/uploads\/2010\/11\/IMG_2827_marked-150x150.jpg\" alt=\"\" width=\"150\" height=\"150\" \/><\/a><\/p>\n<p>Aber es schien ihm sichtlich Spa\u00df zu machen, sicherlich spielte dabei auch das wundersch\u00f6ne Wetter eine Rolle. Rolf g\u00f6nnte sich noch einen Kaffee und da auf dem Gel\u00e4nde heute auch ein Flohmarkt war, gingen wir anschlie\u00dfend noch einmal unsere Runde mit Rolf bevor er gemeinsam mit den anderen K\u00fcnstlern auf die B\u00fchne musste. Es war schon fast ein &#8220;Schaulaufen&#8221; als die Menge an K\u00fcnstlern am heutigen Tag, darunter Roberto Blanko, Johnny Logan, Ireen Sheer,\u00a0Daniel Schumacher, u.v.m. sich dort auf der B\u00fchne einfanden.<\/p>\n<p style=\"text-align: center;\"><a href=\"\/wp-content\/uploads\/2010\/11\/IMG_2837_marked.jpg\"><img loading=\"lazy\" decoding=\"async\" class=\"alignnone size-thumbnail wp-image-5275\" title=\"IMG_2837_marked\" src=\"\/wp-content\/uploads\/2010\/11\/IMG_2837_marked-150x150.jpg\" alt=\"\" width=\"150\" height=\"150\" \/><\/a> <a href=\"\/wp-content\/uploads\/2010\/11\/IMG_2838_marked.jpg\"><img loading=\"lazy\" decoding=\"async\" class=\"alignnone size-thumbnail wp-image-5276\" title=\"IMG_2838_marked\" src=\"\/wp-content\/uploads\/2010\/11\/IMG_2838_marked-150x150.jpg\" alt=\"\" width=\"150\" height=\"150\" \/><\/a> <a href=\"\/wp-content\/uploads\/2010\/11\/IMG_2859_marked.jpg\"><img loading=\"lazy\" decoding=\"async\" class=\"alignnone size-thumbnail wp-image-5277\" title=\"IMG_2859_marked\" src=\"\/wp-content\/uploads\/2010\/11\/IMG_2859_marked-150x150.jpg\" alt=\"\" width=\"150\" height=\"150\" \/><\/a><\/p>\n<p>Alle K\u00fcnstler wurden zun\u00e4chst von Andrea Kiewel vorgestellt und pr\u00e4sentierten sich dem Publikum, welches den Tag sichtlich ebenso genossen hatte. Die K\u00fcnstler kamen dann zun\u00e4chst wieder von der B\u00fchne und verteilten sich auf dem Flohmarkt, im Backstage Bereich oder direkt hinter dem Technikbereich.<\/p>\n<p style=\"text-align: center;\"><a href=\"\/wp-content\/uploads\/2010\/11\/IMG_2860_markedbg.jpg\"><img loading=\"lazy\" decoding=\"async\" class=\"alignnone size-thumbnail wp-image-5278\" title=\"IMG_2860_markedbg\" src=\"\/wp-content\/uploads\/2010\/11\/IMG_2860_markedbg-150x150.jpg\" alt=\"\" width=\"150\" height=\"150\" \/><\/a> <a href=\"\/wp-content\/uploads\/2010\/11\/IMG_2872_marked.jpg\"><img loading=\"lazy\" decoding=\"async\" class=\"alignnone size-thumbnail wp-image-5279\" title=\"IMG_2872_marked\" src=\"\/wp-content\/uploads\/2010\/11\/IMG_2872_marked-150x150.jpg\" alt=\"\" width=\"150\" height=\"150\" \/><\/a> <a href=\"\/wp-content\/uploads\/2010\/11\/IMG_2885_marked.jpg\"><img loading=\"lazy\" decoding=\"async\" class=\"alignnone size-thumbnail wp-image-5280\" title=\"IMG_2885_marked\" src=\"\/wp-content\/uploads\/2010\/11\/IMG_2885_marked-150x150.jpg\" alt=\"\" width=\"150\" height=\"150\" \/><\/a><\/p>\n<p>Die Zuschauer nutzten diese Chance und N\u00e4he zu den K\u00fcnstlern um sich kr\u00e4ftig mit Gespr\u00e4chen und Autogrammen einzudecken. Es dauerte dann noch etwa 30 Minuten bis Rolf um 11:40 mit seinem Auftritt dran kam.<\/p>\n<p style=\"text-align: center;\"><a href=\"\/wp-content\/uploads\/2010\/11\/IMG_2896_marked.jpg\"><img loading=\"lazy\" decoding=\"async\" class=\"alignnone size-thumbnail wp-image-5281\" title=\"IMG_2896_marked\" src=\"\/wp-content\/uploads\/2010\/11\/IMG_2896_marked-150x150.jpg\" alt=\"\" width=\"150\" height=\"150\" \/><\/a> <a href=\"\/wp-content\/uploads\/2010\/11\/IMG_2900_marked.jpg\"><img loading=\"lazy\" decoding=\"async\" class=\"alignnone size-thumbnail wp-image-5282\" title=\"IMG_2900_marked\" src=\"\/wp-content\/uploads\/2010\/11\/IMG_2900_marked-150x150.jpg\" alt=\"\" width=\"150\" height=\"150\" \/><\/a> <a href=\"\/wp-content\/uploads\/2010\/11\/IMG_2916_marked.jpg\"><img loading=\"lazy\" decoding=\"async\" class=\"alignnone size-thumbnail wp-image-5283\" title=\"IMG_2916_marked\" src=\"\/wp-content\/uploads\/2010\/11\/IMG_2916_marked-150x150.jpg\" alt=\"\" width=\"150\" height=\"150\" \/><\/a><\/p>\n<p>Er spielte seine Single <a href=\"http:\/\/www.amazon.de\/gp\/product\/B002T1X0X2?ie=UTF8&amp;tag=hotthepowofle-21&amp;linkCode=as2&amp;camp=1638&amp;creative=19454&amp;creativeASIN=B002T1X0X2\">Wenn dir die Liebe fehlt<\/a><img loading=\"lazy\" decoding=\"async\" style=\"border: none !important; margin: 0px !important;\" src=\"http:\/\/www.assoc-amazon.de\/e\/ir?t=hotthepowofle-21&amp;l=as2&amp;o=3&amp;a=B002T1X0X2\" border=\"0\" alt=\"\" width=\"1\" height=\"1\" \/> welche erstaunlich gut beim Publikum ankam. Die H\u00e4nde waren schnell oben und die Stimmung hob sich sp\u00fcrbar an.<\/p>\n<p style=\"text-align: center;\"><a href=\"\/wp-content\/uploads\/2010\/11\/IMG_2917_marked.jpg\"><img loading=\"lazy\" decoding=\"async\" class=\"alignnone size-thumbnail wp-image-5284\" title=\"IMG_2917_marked\" src=\"\/wp-content\/uploads\/2010\/11\/IMG_2917_marked-150x150.jpg\" alt=\"\" width=\"150\" height=\"150\" \/><\/a> <a href=\"\/wp-content\/uploads\/2010\/11\/IMG_2918_marked.jpg\"><img loading=\"lazy\" decoding=\"async\" class=\"alignnone size-thumbnail wp-image-5285\" title=\"IMG_2918_marked\" src=\"\/wp-content\/uploads\/2010\/11\/IMG_2918_marked-150x150.jpg\" alt=\"\" width=\"150\" height=\"150\" \/><\/a> <a href=\"\/wp-content\/uploads\/2010\/11\/IMG_2924_marked.jpg\"><img loading=\"lazy\" decoding=\"async\" class=\"alignnone size-thumbnail wp-image-5286\" title=\"IMG_2924_marked\" src=\"\/wp-content\/uploads\/2010\/11\/IMG_2924_marked-150x150.jpg\" alt=\"\" width=\"150\" height=\"150\" \/><\/a><\/p>\n<p style=\"text-align: center;\"><a href=\"\/wp-content\/uploads\/2010\/11\/IMG_2927_marked.jpg\"><img loading=\"lazy\" decoding=\"async\" class=\"alignnone size-thumbnail wp-image-5287\" title=\"IMG_2927_marked\" src=\"\/wp-content\/uploads\/2010\/11\/IMG_2927_marked-150x150.jpg\" alt=\"\" width=\"150\" height=\"150\" \/><\/a> <a href=\"\/wp-content\/uploads\/2010\/11\/IMG_2930_marked.jpg\"><img loading=\"lazy\" decoding=\"async\" class=\"alignnone size-thumbnail wp-image-5288\" title=\"IMG_2930_marked\" src=\"\/wp-content\/uploads\/2010\/11\/IMG_2930_marked-150x150.jpg\" alt=\"\" width=\"150\" height=\"150\" \/><\/a> <a href=\"\/wp-content\/uploads\/2010\/11\/IMG_2932_marked.jpg\"><img loading=\"lazy\" decoding=\"async\" class=\"alignnone size-thumbnail wp-image-5289\" title=\"IMG_2932_marked\" src=\"\/wp-content\/uploads\/2010\/11\/IMG_2932_marked-150x150.jpg\" alt=\"\" width=\"150\" height=\"150\" \/><\/a><\/p>\n<p>Wir hatten schon damals \u00fcber sein Album, <a href=\"http:\/\/www.yellowtab.com\/2010\/02\/rolf-stahlhofen-besser-jetzt-als-nie\/\" target=\"_blank\">Besser jetzt als Nie<\/a>, sowie die erste <a href=\"http:\/\/www.yellowtab.com\/2010\/02\/rolf-stahlhofen-wenn-dir-die-liebe-fehlt\/\" target=\"_blank\">Singleauskopplung<\/a> gesprochen und haben uns daher heute umso mehr dar\u00fcber gefreut, gemeinsam mit Rolf diesen Tag verbringen zu k\u00f6nnen. Die\u00a0Atmosph\u00e4re\u00a0war sehr gut und das Wetter, einfach alles perfekt.<\/p>\n","protected":false},"excerpt":{"rendered":"<p>Wenn dir die Liebe fehlt&#8230; Was n\u00fctzt dir der Glaube dann? Mit dieser Frage besch\u00e4ftigt sich Rolf Stahlhofen in seiner Singleauskopplung seines Albums Besser Jetzt Als Nie. Wir waren mit Rolf an diesem wundersch\u00f6nen Sommertag in Mainz im ZDF Fernsehgarten.<\/p>\n","protected":false},"author":1,"featured_media":1085,"comment_status":"open","ping_status":"open","sticky":false,"template":"","format":"standard","meta":{"jetpack_post_was_ever_published":false,"_jetpack_newsletter_access":"","_jetpack_dont_email_post_to_subs":false,"_jetpack_newsletter_tier_id":0,"_jetpack_memberships_contains_paywalled_content":false,"_jetpack_memberships_contains_paid_content":false,"footnotes":""},"categories":[4,3,5],"tags":[230,231,41,42,142,232],"class_list":["post-290","post","type-post","status-publish","format-standard","has-post-thumbnail","hentry","category-film","category-musik","category-personen","tag-andreas-kiewel","tag-besser-jetzt-als-nie","tag-rolf-stahlhofen","tag-sohne-mannheims","tag-wenn-dir-die-liebe-fehlt","tag-zdf-fernsehgarten"],"translation":{"provider":"WPGlobus","version":"3.0.2","language":"en","enabled_languages":["de","en"],"languages":{"de":{"title":true,"content":true,"excerpt":false},"en":{"title":false,"content":false,"excerpt":false}}},"jetpack_featured_media_url":"https:\/\/i0.wp.com\/www.klangrevolution.de\/wp-content\/uploads\/2010\/05\/IMG_2860_marked-e1443014316842.jpg?fit=711%2C315","jetpack_sharing_enabled":true,"jetpack-related-posts":[],"_links":{"self":[{"href":"http:\/\/www.klangrevolution.de\/en\/wp-json\/wp\/v2\/posts\/290","targetHints":{"allow":["GET"]}}],"collection":[{"href":"http:\/\/www.klangrevolution.de\/en\/wp-json\/wp\/v2\/posts"}],"about":[{"href":"http:\/\/www.klangrevolution.de\/en\/wp-json\/wp\/v2\/types\/post"}],"author":[{"embeddable":true,"href":"http:\/\/www.klangrevolution.de\/en\/wp-json\/wp\/v2\/users\/1"}],"replies":[{"embeddable":true,"href":"http:\/\/www.klangrevolution.de\/en\/wp-json\/wp\/v2\/comments?post=290"}],"version-history":[{"count":0,"href":"http:\/\/www.klangrevolution.de\/en\/wp-json\/wp\/v2\/posts\/290\/revisions"}],"wp:featuredmedia":[{"embeddable":true,"href":"http:\/\/www.klangrevolution.de\/en\/wp-json\/wp\/v2\/media\/1085"}],"wp:attachment":[{"href":"http:\/\/www.klangrevolution.de\/en\/wp-json\/wp\/v2\/media?parent=290"}],"wp:term":[{"taxonomy":"category","embeddable":true,"href":"http:\/\/www.klangrevolution.de\/en\/wp-json\/wp\/v2\/categories?post=290"},{"taxonomy":"post_tag","embeddable":true,"href":"http:\/\/www.klangrevolution.de\/en\/wp-json\/wp\/v2\/tags?post=290"}],"curies":[{"name":"wp","href":"https:\/\/api.w.org\/{rel}","templated":true}]}}